{"id":56521,"date":"2015-12-29T09:03:55","date_gmt":"2015-12-29T07:03:55","guid":{"rendered":"http:\/\/www.sana.sy\/tr\/?p=56521"},"modified":"2015-12-29T12:24:12","modified_gmt":"2015-12-29T10:24:12","slug":"sanaya-aciklama-yapan-askeri-bir-kaynak-ordu-birliklerimizin-lazkiye-kirsalinin-kuzeyinde-erdogan-rejimine-tabi-cokuluslu-tekfirci-teror-cetelere-yonelik-operasyonlarini-basariyla-surdurerek","status":"publish","type":"post","link":"https:\/\/archive.sana.sy\/tr\/?p=56521","title":{"rendered":"SANA\u2019ya a\u00e7\u0131klama yapan askeri bir kaynak ordu birliklerimizin Lazkiye k\u0131rsal\u0131n\u0131n kuzeyinde Erdo\u011fan rejimine tabi \u00e7okuluslu tekfirci ter\u00f6r \u00e7etelere y\u00f6nelik operasyonlar\u0131n\u0131 ba\u015far\u0131yla s\u00fcrd\u00fcrerek Kasab Beldesi ve Tepesini kontrollerine ge\u00e7irdiklerini belirtti"},"content":{"rendered":"<p>SANA\u2019ya a\u00e7\u0131klama yapan askeri bir kaynak ordu birliklerimizin Lazkiye k\u0131rsal\u0131n\u0131n kuzeyinde Erdo\u011fan rejimine tabi \u00e7okuluslu tekfirci ter\u00f6r \u00e7etelere y\u00f6nelik operasyonlar\u0131n\u0131 ba\u015far\u0131yla s\u00fcrd\u00fcrerek Kasab Beldesi ve Tepesini kontrollerine ge\u00e7irdiklerini belirtti<\/p>\n","protected":false},"excerpt":{"rendered":"<p>SANA\u2019ya a\u00e7\u0131klama yapan askeri bir kaynak ordu birliklerimizin Lazkiye k\u0131rsal\u0131n\u0131n kuzeyinde Erdo\u011fan rejimine tabi \u00e7okuluslu tekfirci ter\u00f6r \u00e7etelere y\u00f6nelik operasyonlar\u0131n\u0131 ba\u015far\u0131yla s\u00fcrd\u00fcrerek Kasab Beldesi ve Tepesini kontrollerine ge\u00e7irdiklerini belirtti<\/p>\n","protected":false},"author":1,"featured_media":0,"comment_status":"closed","ping_status":"closed","sticky":false,"template":"","format":"standard","meta":{"footnotes":""},"categories":[17991],"tags":[],"class_list":["post-56521","post","type-post","status-publish","format-standard","","category-son-dakika"],"_links":{"self":[{"href":"https:\/\/archive.sana.sy\/tr\/index.php?rest_route=\/wp\/v2\/posts\/56521","targetHints":{"allow":["GET"]}}],"collection":[{"href":"https:\/\/archive.sana.sy\/tr\/index.php?rest_route=\/wp\/v2\/posts"}],"about":[{"href":"https:\/\/archive.sana.sy\/tr\/index.php?rest_route=\/wp\/v2\/types\/post"}],"author":[{"embeddable":true,"href":"https:\/\/archive.sana.sy\/tr\/index.php?rest_route=\/wp\/v2\/users\/1"}],"replies":[{"embeddable":true,"href":"https:\/\/archive.sana.sy\/tr\/index.php?rest_route=%2Fwp%2Fv2%2Fcomments&post=56521"}],"version-history":[{"count":0,"href":"https:\/\/archive.sana.sy\/tr\/index.php?rest_route=\/wp\/v2\/posts\/56521\/revisions"}],"wp:attachment":[{"href":"https:\/\/archive.sana.sy\/tr\/index.php?rest_route=%2Fwp%2Fv2%2Fmedia&parent=56521"}],"wp:term":[{"taxonomy":"category","embeddable":true,"href":"https:\/\/archive.sana.sy\/tr\/index.php?rest_route=%2Fwp%2Fv2%2Fcategories&post=56521"},{"taxonomy":"post_tag","embeddable":true,"href":"https:\/\/archive.sana.sy\/tr\/index.php?rest_route=%2Fwp%2Fv2%2Ftags&post=56521"}],"curies":[{"name":"wp","href":"https:\/\/api.w.org\/{rel}","templated":true}]}}