{"id":56522,"date":"2015-12-29T09:15:41","date_gmt":"2015-12-29T07:15:41","guid":{"rendered":"http:\/\/www.sana.sy\/tr\/?p=56522"},"modified":"2015-12-29T12:26:46","modified_gmt":"2015-12-29T10:26:46","slug":"askeri-kaynak-dera-kirsalinda-israil-destekli-nusra-cephesi-ve-catisi-altindaki-diger-tekfirci-orgutlere-yonelik-operasyonlari-kapsaminda-ordu-birliklerimizin-tel-el-hes-ve-82-tumen-kampinin-tamamini","status":"publish","type":"post","link":"https:\/\/archive.sana.sy\/tr\/?p=56522","title":{"rendered":"Askeri kaynak Dera k\u0131rsal\u0131nda \u0130srail destekli Nusra Cephesi ve \u00e7at\u0131s\u0131 alt\u0131ndaki di\u011fer tekfirci \u00f6rg\u00fctlere y\u00f6nelik operasyonlar\u0131 kapsam\u0131nda ordu birliklerimizin Tel el He\u015f ve 82 T\u00fcmen kamp\u0131n\u0131n tamam\u0131n\u0131 kontrollerine ge\u00e7irdiklerini belirtirken, il k\u0131rsal\u0131n\u0131n kuzeyine d\u00fc\u015fen \u015eeyh Meskin ekseninde \u00f6nemli ilerlemeler kaydetmeye devam ettiklerini aktard\u0131"},"content":{"rendered":"<p>Askeri kaynak Dera k\u0131rsal\u0131nda \u0130srail destekli Nusra Cephesi ve \u00e7at\u0131s\u0131 alt\u0131ndaki di\u011fer tekfirci \u00f6rg\u00fctlere y\u00f6nelik operasyonlar\u0131 kapsam\u0131nda ordu birliklerimizin Tel el He\u015f ve 82 T\u00fcmen kamp\u0131n\u0131n tamam\u0131n\u0131 kontrollerine ge\u00e7irdiklerini belirtirken, il k\u0131rsal\u0131n\u0131n kuzeyine d\u00fc\u015fen \u015eeyh Meskin ekseninde \u00f6nemli ilerlemeler kaydetmeye devam ettiklerini aktard\u0131<\/p>\n","protected":false},"excerpt":{"rendered":"<p>Askeri kaynak Dera k\u0131rsal\u0131nda \u0130srail destekli Nusra Cephesi ve \u00e7at\u0131s\u0131 alt\u0131ndaki di\u011fer tekfirci \u00f6rg\u00fctlere y\u00f6nelik operasyonlar\u0131 kapsam\u0131nda ordu birliklerimizin Tel el He\u015f ve 82 T\u00fcmen kamp\u0131n\u0131n tamam\u0131n\u0131 kontrollerine ge\u00e7irdiklerini belirtirken, il k\u0131rsal\u0131n\u0131n kuzeyine d\u00fc\u015fen \u015eeyh Meskin ekseninde \u00f6nemli ilerlemeler kaydetmeye devam ettiklerini aktard\u0131<\/p>\n","protected":false},"author":1,"featured_media":0,"comment_status":"closed","ping_status":"closed","sticky":false,"template":"","format":"standard","meta":{"footnotes":""},"categories":[17991],"tags":[],"class_list":["post-56522","post","type-post","status-publish","format-standard","","category-son-dakika"],"_links":{"self":[{"href":"https:\/\/archive.sana.sy\/tr\/index.php?rest_route=\/wp\/v2\/posts\/56522","targetHints":{"allow":["GET"]}}],"collection":[{"href":"https:\/\/archive.sana.sy\/tr\/index.php?rest_route=\/wp\/v2\/posts"}],"about":[{"href":"https:\/\/archive.sana.sy\/tr\/index.php?rest_route=\/wp\/v2\/types\/post"}],"author":[{"embeddable":true,"href":"https:\/\/archive.sana.sy\/tr\/index.php?rest_route=\/wp\/v2\/users\/1"}],"replies":[{"embeddable":true,"href":"https:\/\/archive.sana.sy\/tr\/index.php?rest_route=%2Fwp%2Fv2%2Fcomments&post=56522"}],"version-history":[{"count":0,"href":"https:\/\/archive.sana.sy\/tr\/index.php?rest_route=\/wp\/v2\/posts\/56522\/revisions"}],"wp:attachment":[{"href":"https:\/\/archive.sana.sy\/tr\/index.php?rest_route=%2Fwp%2Fv2%2Fmedia&parent=56522"}],"wp:term":[{"taxonomy":"category","embeddable":true,"href":"https:\/\/archive.sana.sy\/tr\/index.php?rest_route=%2Fwp%2Fv2%2Fcategories&post=56522"},{"taxonomy":"post_tag","embeddable":true,"href":"https:\/\/archive.sana.sy\/tr\/index.php?rest_route=%2Fwp%2Fv2%2Ftags&post=56522"}],"curies":[{"name":"wp","href":"https:\/\/api.w.org\/{rel}","templated":true}]}}