{"id":56534,"date":"2015-12-29T12:53:27","date_gmt":"2015-12-29T10:53:27","guid":{"rendered":"http:\/\/www.sana.sy\/tr\/?p=56534"},"modified":"2015-12-29T12:53:27","modified_gmt":"2015-12-29T10:53:27","slug":"yurtici-ve-yurtdisi-fuarlara-iliskin-her-sey-burada-olacak","status":"publish","type":"post","link":"https:\/\/archive.sana.sy\/tr\/?p=56534","title":{"rendered":"Yurti\u00e7i ve Yurtd\u0131\u015f\u0131 Fuarlara \u0130li\u015fkin Her \u015eey Burada Olacak"},"content":{"rendered":"<p>\u015eAM \u2013 Ekonomi ve D\u0131\u015f Ticaret Bakanl\u0131\u011f\u0131nda Uluslararas\u0131 Fuar ve Pazar Kurumu yurti\u00e7inde ve yurtd\u0131\u015f\u0131nda muhtelif alanlarda fuar d\u00fczenleme ve fuarlara kat\u0131lmaya ilgi duyanlarla ileti\u015fimde bulunma amac\u0131yla sosyal payla\u015f\u0131m sitesi facebookta kendine ait resmi sayfay\u0131 ilan etti.<\/p>\n<p>Kurum Genel M\u00fcd\u00fcr\u00fc Faris Ahmet el Kerteli SANA\u2019ya yapt\u0131\u011f\u0131 a\u00e7\u0131klamada; sayfan\u0131n yurti\u00e7inde ve yurtd\u0131\u015f\u0131nda d\u00fczenlenen fuarlara ilgi duyanlarla ba\u011flant\u0131da olmaya yard\u0131mc\u0131 olaca\u011f\u0131n\u0131 belirtti. Keteli uzman bir ekibin yurti\u00e7i ve yurtd\u0131\u015f\u0131 fuarlara ili\u015fkin haberler payla\u015faca\u011f\u0131n\u0131 s\u00f6yledi.<\/p>\n<p>Kerteli sayfada kurum \u00e7al\u0131\u015fmalar\u0131 ve fuarlara ili\u015fkin \u00f6neri ve d\u00fc\u015f\u00fcncelerin de kabul edilece\u011fini belirtti.<\/p>\n<p>R.H.<\/p>\n","protected":false},"excerpt":{"rendered":"<p>\u015eAM \u2013 Ekonomi ve D\u0131\u015f Ticaret Bakanl\u0131\u011f\u0131nda Uluslararas\u0131 Fuar ve Pazar Kurumu yurti\u00e7inde ve yurtd\u0131\u015f\u0131nda muhtelif alanlarda fuar d\u00fczenleme ve fuarlara kat\u0131lmaya ilgi duyanlarla ileti\u015fimde bulunma amac\u0131yla sosyal payla\u015f\u0131m sitesi facebookta kendine ait resmi sayfay\u0131 ilan etti. Kurum Genel M\u00fcd\u00fcr\u00fc Faris Ahmet el Kerteli SANA\u2019ya yapt\u0131\u011f\u0131 a\u00e7\u0131klamada; sayfan\u0131n yurti\u00e7inde ve yurtd\u0131\u015f\u0131nda d\u00fczenlenen fuarlara ilgi duyanlarla &hellip;<\/p>\n","protected":false},"author":1,"featured_media":56535,"comment_status":"closed","ping_status":"closed","sticky":false,"template":"","format":"standard","meta":{"footnotes":""},"categories":[485,486,17988],"tags":[18284],"class_list":["post-56534","post","type-post","status-publish","format-standard","has-post-thumbnail","","category-is-ve-sermaye","category-haberler-is-ve-sermaye","category-son-haberler","tag-yurtici-ve-yurtdisi-fuarlara-iliskin-her-sey-burada-olacak"],"_links":{"self":[{"href":"https:\/\/archive.sana.sy\/tr\/index.php?rest_route=\/wp\/v2\/posts\/56534","targetHints":{"allow":["GET"]}}],"collection":[{"href":"https:\/\/archive.sana.sy\/tr\/index.php?rest_route=\/wp\/v2\/posts"}],"about":[{"href":"https:\/\/archive.sana.sy\/tr\/index.php?rest_route=\/wp\/v2\/types\/post"}],"author":[{"embeddable":true,"href":"https:\/\/archive.sana.sy\/tr\/index.php?rest_route=\/wp\/v2\/users\/1"}],"replies":[{"embeddable":true,"href":"https:\/\/archive.sana.sy\/tr\/index.php?rest_route=%2Fwp%2Fv2%2Fcomments&post=56534"}],"version-history":[{"count":0,"href":"https:\/\/archive.sana.sy\/tr\/index.php?rest_route=\/wp\/v2\/posts\/56534\/revisions"}],"wp:featuredmedia":[{"embeddable":true,"href":"https:\/\/archive.sana.sy\/tr\/index.php?rest_route=\/wp\/v2\/media\/56535"}],"wp:attachment":[{"href":"https:\/\/archive.sana.sy\/tr\/index.php?rest_route=%2Fwp%2Fv2%2Fmedia&parent=56534"}],"wp:term":[{"taxonomy":"category","embeddable":true,"href":"https:\/\/archive.sana.sy\/tr\/index.php?rest_route=%2Fwp%2Fv2%2Fcategories&post=56534"},{"taxonomy":"post_tag","embeddable":true,"href":"https:\/\/archive.sana.sy\/tr\/index.php?rest_route=%2Fwp%2Fv2%2Ftags&post=56534"}],"curies":[{"name":"wp","href":"https:\/\/api.w.org\/{rel}","templated":true}]}}