{"id":56542,"date":"2015-12-28T22:00:26","date_gmt":"2015-12-28T20:00:26","guid":{"rendered":"http:\/\/www.sana.sy\/tr\/?p=56542"},"modified":"2015-12-29T13:13:33","modified_gmt":"2015-12-29T11:13:33","slug":"ozel-ve-kamu-sektoru-arasinda-ortaklik-kanunu-onaylandi","status":"publish","type":"post","link":"https:\/\/archive.sana.sy\/tr\/?p=56542","title":{"rendered":"\u00d6zel ve Kamu Sekt\u00f6r\u00fc Aras\u0131nda Ortakl\u0131k Kanunu Onayland\u0131"},"content":{"rendered":"<p>\u015eAM &#8211; Ba\u015fkan\u0131 Muhammed Cihat el Lahham ba\u015fkanl\u0131\u011f\u0131nda bug\u00fcn toplanan Halk Meclisi, \u00f6zel ve kamu sekt\u00f6rleri aras\u0131nda ortakl\u0131\u011f\u0131 \u00f6ng\u00f6ren kanun tasar\u0131s\u0131n\u0131 tart\u0131\u015f\u0131p onaylad\u0131.<\/p>\n<p>Ekonomi ve D\u0131\u015f Ticaret Bakan\u0131 Humam el Cezayiri; kanun tasar\u0131s\u0131n\u0131n meclisin onay\u0131ndan sonra kanun niteli\u011fi ta\u015f\u0131d\u0131\u011f\u0131na dikkat \u00e7ekti. Cezayiri yeni kanunla vatanda\u015flara verilen hizmetlerin nitelik ve nicelik a\u00e7\u0131s\u0131ndan geli\u015ftirilmesini ama\u00e7lad\u0131\u011f\u0131n\u0131, \u00f6zel sekt\u00f6r\u00fcn geni\u015f olanaklar\u0131ndan da faydalanman\u0131n hedeflendi\u011fini belirtti.<\/p>\n<p>R.H.<\/p>\n","protected":false},"excerpt":{"rendered":"<p>\u015eAM &#8211; Ba\u015fkan\u0131 Muhammed Cihat el Lahham ba\u015fkanl\u0131\u011f\u0131nda bug\u00fcn toplanan Halk Meclisi, \u00f6zel ve kamu sekt\u00f6rleri aras\u0131nda ortakl\u0131\u011f\u0131 \u00f6ng\u00f6ren kanun tasar\u0131s\u0131n\u0131 tart\u0131\u015f\u0131p onaylad\u0131. Ekonomi ve D\u0131\u015f Ticaret Bakan\u0131 Humam el Cezayiri; kanun tasar\u0131s\u0131n\u0131n meclisin onay\u0131ndan sonra kanun niteli\u011fi ta\u015f\u0131d\u0131\u011f\u0131na dikkat \u00e7ekti. Cezayiri yeni kanunla vatanda\u015flara verilen hizmetlerin nitelik ve nicelik a\u00e7\u0131s\u0131ndan geli\u015ftirilmesini ama\u00e7lad\u0131\u011f\u0131n\u0131, \u00f6zel sekt\u00f6r\u00fcn &hellip;<\/p>\n","protected":false},"author":1,"featured_media":56544,"comment_status":"closed","ping_status":"closed","sticky":false,"template":"","format":"standard","meta":{"footnotes":""},"categories":[479,17988,478],"tags":[18286],"class_list":["post-56542","post","type-post","status-publish","format-standard","has-post-thumbnail","","category-haberler-yerel","category-son-haberler","category-yerel","tag-ozel-ve-kamu-sektoru-arasinda-ortaklik-kanunu-onaylandi"],"_links":{"self":[{"href":"https:\/\/archive.sana.sy\/tr\/index.php?rest_route=\/wp\/v2\/posts\/56542","targetHints":{"allow":["GET"]}}],"collection":[{"href":"https:\/\/archive.sana.sy\/tr\/index.php?rest_route=\/wp\/v2\/posts"}],"about":[{"href":"https:\/\/archive.sana.sy\/tr\/index.php?rest_route=\/wp\/v2\/types\/post"}],"author":[{"embeddable":true,"href":"https:\/\/archive.sana.sy\/tr\/index.php?rest_route=\/wp\/v2\/users\/1"}],"replies":[{"embeddable":true,"href":"https:\/\/archive.sana.sy\/tr\/index.php?rest_route=%2Fwp%2Fv2%2Fcomments&post=56542"}],"version-history":[{"count":0,"href":"https:\/\/archive.sana.sy\/tr\/index.php?rest_route=\/wp\/v2\/posts\/56542\/revisions"}],"wp:featuredmedia":[{"embeddable":true,"href":"https:\/\/archive.sana.sy\/tr\/index.php?rest_route=\/wp\/v2\/media\/56544"}],"wp:attachment":[{"href":"https:\/\/archive.sana.sy\/tr\/index.php?rest_route=%2Fwp%2Fv2%2Fmedia&parent=56542"}],"wp:term":[{"taxonomy":"category","embeddable":true,"href":"https:\/\/archive.sana.sy\/tr\/index.php?rest_route=%2Fwp%2Fv2%2Fcategories&post=56542"},{"taxonomy":"post_tag","embeddable":true,"href":"https:\/\/archive.sana.sy\/tr\/index.php?rest_route=%2Fwp%2Fv2%2Ftags&post=56542"}],"curies":[{"name":"wp","href":"https:\/\/api.w.org\/{rel}","templated":true}]}}