{"id":56548,"date":"2015-12-29T14:52:11","date_gmt":"2015-12-29T12:52:11","guid":{"rendered":"http:\/\/www.sana.sy\/tr\/?p=56548"},"modified":"2015-12-29T14:52:11","modified_gmt":"2015-12-29T12:52:11","slug":"askeri-kaynak-ordu-birliklerimizin-halk-savunma-gucleriyle-isbirligi-icinde-homs-kirsalinin-guneydogusu-buyuk-mhin-ve-kucuk-mhin-daglarinin-yani-sira-mhin-beldesi-ve-depolarini-hades-ve-havvarin-koyl","status":"publish","type":"post","link":"https:\/\/archive.sana.sy\/tr\/?p=56548","title":{"rendered":"Askeri kaynak ordu birliklerimizin halk savunma g\u00fc\u00e7leriyle i\u015fbirli\u011fi i\u00e7inde Homs k\u0131rsal\u0131n\u0131n g\u00fcneydo\u011fusu B\u00fcy\u00fck Mhin ve K\u00fc\u00e7\u00fck Mhin da\u011flar\u0131n\u0131n yan\u0131 s\u0131ra Mhin Beldesi ve depolar\u0131n\u0131, Hades ve Havvarin k\u00f6ylerini \u00e7okuluslu tekfirci ter\u00f6ristlerden temizleyerek kontrollerine ge\u00e7irdiklerini belirtti"},"content":{"rendered":"<p>Askeri kaynak ordu birliklerimizin halk savunma g\u00fc\u00e7leriyle i\u015fbirli\u011fi i\u00e7inde Homs k\u0131rsal\u0131n\u0131n g\u00fcneydo\u011fusu B\u00fcy\u00fck Mhin ve K\u00fc\u00e7\u00fck Mhin da\u011flar\u0131n\u0131n yan\u0131 s\u0131ra Mhin Beldesi ve depolar\u0131n\u0131, Hades ve Havvarin k\u00f6ylerini \u00e7okuluslu tekfirci ter\u00f6ristlerden temizleyerek kontrollerine ge\u00e7irdiklerini belirtti<\/p>\n","protected":false},"excerpt":{"rendered":"<p>Askeri kaynak ordu birliklerimizin halk savunma g\u00fc\u00e7leriyle i\u015fbirli\u011fi i\u00e7inde Homs k\u0131rsal\u0131n\u0131n g\u00fcneydo\u011fusu B\u00fcy\u00fck Mhin ve K\u00fc\u00e7\u00fck Mhin da\u011flar\u0131n\u0131n yan\u0131 s\u0131ra Mhin Beldesi ve depolar\u0131n\u0131, Hades ve Havvarin k\u00f6ylerini \u00e7okuluslu tekfirci ter\u00f6ristlerden temizleyerek kontrollerine ge\u00e7irdiklerini belirtti<\/p>\n","protected":false},"author":1,"featured_media":0,"comment_status":"closed","ping_status":"closed","sticky":false,"template":"","format":"standard","meta":{"footnotes":""},"categories":[17991],"tags":[],"class_list":["post-56548","post","type-post","status-publish","format-standard","","category-son-dakika"],"_links":{"self":[{"href":"https:\/\/archive.sana.sy\/tr\/index.php?rest_route=\/wp\/v2\/posts\/56548","targetHints":{"allow":["GET"]}}],"collection":[{"href":"https:\/\/archive.sana.sy\/tr\/index.php?rest_route=\/wp\/v2\/posts"}],"about":[{"href":"https:\/\/archive.sana.sy\/tr\/index.php?rest_route=\/wp\/v2\/types\/post"}],"author":[{"embeddable":true,"href":"https:\/\/archive.sana.sy\/tr\/index.php?rest_route=\/wp\/v2\/users\/1"}],"replies":[{"embeddable":true,"href":"https:\/\/archive.sana.sy\/tr\/index.php?rest_route=%2Fwp%2Fv2%2Fcomments&post=56548"}],"version-history":[{"count":0,"href":"https:\/\/archive.sana.sy\/tr\/index.php?rest_route=\/wp\/v2\/posts\/56548\/revisions"}],"wp:attachment":[{"href":"https:\/\/archive.sana.sy\/tr\/index.php?rest_route=%2Fwp%2Fv2%2Fmedia&parent=56548"}],"wp:term":[{"taxonomy":"category","embeddable":true,"href":"https:\/\/archive.sana.sy\/tr\/index.php?rest_route=%2Fwp%2Fv2%2Fcategories&post=56548"},{"taxonomy":"post_tag","embeddable":true,"href":"https:\/\/archive.sana.sy\/tr\/index.php?rest_route=%2Fwp%2Fv2%2Ftags&post=56548"}],"curies":[{"name":"wp","href":"https:\/\/api.w.org\/{rel}","templated":true}]}}