{"id":56549,"date":"2015-12-29T15:00:57","date_gmt":"2015-12-29T13:00:57","guid":{"rendered":"http:\/\/www.sana.sy\/tr\/?p=56549"},"modified":"2015-12-29T14:56:01","modified_gmt":"2015-12-29T12:56:01","slug":"operasyonlarda-aralarinda-yabanci-ve-saha-komutanlarinin-bulundugu-isidli-oldukca-yuksek-sayida-teroristin-olduruldugunu-aktaran-kaynak-karyeteyn-koyu-yonunde-kacan-tekfircileri-kovalama-ve","status":"publish","type":"post","link":"https:\/\/archive.sana.sy\/tr\/?p=56549","title":{"rendered":"Operasyonlarda aralar\u0131nda yabanc\u0131 ve saha komutanlar\u0131n\u0131n bulundu\u011fu I\u015e\u0130D\u2019li olduk\u00e7a y\u00fcksek say\u0131da ter\u00f6ristin \u00f6ld\u00fcr\u00fcld\u00fc\u011f\u00fcn\u00fc aktaran kaynak; Karyeteyn K\u00f6y\u00fc y\u00f6n\u00fcnde ka\u00e7an tekfircileri kovalama ve etkisizle\u015ftirme operasyonlar\u0131n\u0131 s\u00fcrd\u00fcrd\u00fcklerini ifade etti"},"content":{"rendered":"<p>Operasyonlarda aralar\u0131nda yabanc\u0131 ve saha komutanlar\u0131n\u0131n bulundu\u011fu I\u015e\u0130D\u2019li olduk\u00e7a y\u00fcksek say\u0131da ter\u00f6ristin \u00f6ld\u00fcr\u00fcld\u00fc\u011f\u00fcn\u00fc aktaran kaynak; Karyeteyn K\u00f6y\u00fc y\u00f6n\u00fcnde ka\u00e7an tekfircileri kovalama ve etkisizle\u015ftirme operasyonlar\u0131n\u0131 s\u00fcrd\u00fcrd\u00fcklerini ifade etti<\/p>\n","protected":false},"excerpt":{"rendered":"<p>Operasyonlarda aralar\u0131nda yabanc\u0131 ve saha komutanlar\u0131n\u0131n bulundu\u011fu I\u015e\u0130D\u2019li olduk\u00e7a y\u00fcksek say\u0131da ter\u00f6ristin \u00f6ld\u00fcr\u00fcld\u00fc\u011f\u00fcn\u00fc aktaran kaynak; Karyeteyn K\u00f6y\u00fc y\u00f6n\u00fcnde ka\u00e7an tekfircileri kovalama ve etkisizle\u015ftirme operasyonlar\u0131n\u0131 s\u00fcrd\u00fcrd\u00fcklerini ifade etti<\/p>\n","protected":false},"author":1,"featured_media":0,"comment_status":"closed","ping_status":"closed","sticky":false,"template":"","format":"standard","meta":{"footnotes":""},"categories":[17991],"tags":[],"class_list":["post-56549","post","type-post","status-publish","format-standard","","category-son-dakika"],"_links":{"self":[{"href":"https:\/\/archive.sana.sy\/tr\/index.php?rest_route=\/wp\/v2\/posts\/56549","targetHints":{"allow":["GET"]}}],"collection":[{"href":"https:\/\/archive.sana.sy\/tr\/index.php?rest_route=\/wp\/v2\/posts"}],"about":[{"href":"https:\/\/archive.sana.sy\/tr\/index.php?rest_route=\/wp\/v2\/types\/post"}],"author":[{"embeddable":true,"href":"https:\/\/archive.sana.sy\/tr\/index.php?rest_route=\/wp\/v2\/users\/1"}],"replies":[{"embeddable":true,"href":"https:\/\/archive.sana.sy\/tr\/index.php?rest_route=%2Fwp%2Fv2%2Fcomments&post=56549"}],"version-history":[{"count":0,"href":"https:\/\/archive.sana.sy\/tr\/index.php?rest_route=\/wp\/v2\/posts\/56549\/revisions"}],"wp:attachment":[{"href":"https:\/\/archive.sana.sy\/tr\/index.php?rest_route=%2Fwp%2Fv2%2Fmedia&parent=56549"}],"wp:term":[{"taxonomy":"category","embeddable":true,"href":"https:\/\/archive.sana.sy\/tr\/index.php?rest_route=%2Fwp%2Fv2%2Fcategories&post=56549"},{"taxonomy":"post_tag","embeddable":true,"href":"https:\/\/archive.sana.sy\/tr\/index.php?rest_route=%2Fwp%2Fv2%2Ftags&post=56549"}],"curies":[{"name":"wp","href":"https:\/\/api.w.org\/{rel}","templated":true}]}}