{"id":5656,"date":"2014-07-22T13:22:51","date_gmt":"2014-07-22T10:22:51","guid":{"rendered":"http:\/\/www.sana.sy\/tr\/?p=5656"},"modified":"2014-07-23T10:32:49","modified_gmt":"2014-07-23T07:32:49","slug":"gazzeye-isgal-saldirilari-suruyor-11-sehit-onlarca-yarali-2-isgal-askeri-de-oldu","status":"publish","type":"post","link":"https:\/\/archive.sana.sy\/tr\/?p=5656","title":{"rendered":"Gazze\u2019ye \u0130\u015fgal Sald\u0131r\u0131lar\u0131 S\u00fcr\u00fcyor.. 16 \u015eehit Onlarca Yaral\u0131.. 2 \u0130\u015fgal Askeri de \u00d6ld\u00fc"},"content":{"rendered":"<p><span style=\"color: #800000\">GAZZE \u2013<\/span>\u00a0\u0130\u015fgalci \u0130srail\u2019in Gazze\u2019de masum sivillere y\u00f6nelik i\u015fledi\u011fi katliamlar\u0131n s\u00fcrmesiyle birlikte bug\u00fcn 16 \u015fehit ve 60\u2019tan fazla yaral\u0131n\u0131n d\u00fc\u015fmesi ard\u0131ndan \u015fehit say\u0131s\u0131 584\u2019e yaral\u0131 say\u0131s\u0131 ise 3650\u2019ye y\u00fckselmi\u015f oldu.<\/p>\n<p>Filistinli VEFA ajans\u0131 i\u015fgal g\u00fc\u00e7lerinin g\u00fcneyde Rafah\u2019tan kuzeyde ise Beyt Hanun\u2019a kadar Gazze\u2019yi kara, hava ve denizden yo\u011fun bir \u015fekilde bombard\u0131man ate\u015fine tuttu\u011funu s\u00f6yledi.<\/p>\n<p>Filistinli MAA haber ajans\u0131 Filistin direni\u015finin i\u015fgalci \u0130srail sald\u0131r\u0131lar\u0131na kar\u015f\u0131l\u0131k olarak Tel Aviv\u2019i 2 M75 ve Asdud Beldesini 5 Grad f\u00fczesiyle vurmas\u0131 yan\u0131 s\u0131ra Sedirot yerle\u015fim birimini 3 Nas\u0131r f\u00fczesi, \u015eaer Han\u015figef yerle\u015fim birimini de 4 adet 107 f\u00fczesiyle vurdu\u011funu belirtti.<\/p>\n<p>Direni\u015f ayr\u0131ca, Raim mevkiini 4 adet 107 f\u00fczesiyle Esnad Sofa mevkiinde ise askeri y\u0131\u011f\u0131naklar\u0131 iki adet 107 f\u00fczesiyle vurdu\u011funu s\u00f6yledi.<\/p>\n<p>Filistin direni\u015fi ayr\u0131ca, el Tuffah\u2019\u0131n do\u011fusunda anti tank bombas\u0131 ile Mirkava tank\u0131n\u0131 do\u011frudan isabet etti\u011fini ilan etti.<\/p>\n<p>\u0130\u015fgalci \u0130srail g\u00fc\u00e7leri Gazze\u2019ye y\u00f6nelik vah\u015fi sald\u0131r\u0131lar\u0131n\u0131 bu sabahta s\u00fcrd\u00fcrd\u00fc.<\/p>\n<p>Barbar bombard\u0131manlar\u0131na yeniden ba\u015flayan \u0130\u015fgal u\u00e7aklar\u0131 11 Filistinlinin \u015fehit d\u00fc\u015fmesine yol a\u00e7t\u0131.<\/p>\n<p>Filistin sa\u011fl\u0131k bakanl\u0131\u011f\u0131\u00a0sald\u0131r\u0131lar\u0131n ba\u015flamas\u0131ndan bu yana aralar\u0131nda y\u00fczlerce \u00e7ocuk ve kad\u0131n\u0131n bulundu\u011fu \u015fehit d\u00fc\u015fen Filistinlilerin say\u0131s\u0131 582\u2019ye yaral\u0131lar\u0131n say\u0131s\u0131 ise 3300\u2019\u00fc ge\u00e7ti\u011fini s\u00f6ylemi\u015fti.<\/p>\n<p>\u0130\u015fgal 2 Askerinin \u00d6ld\u00fc\u011f\u00fcn\u00fc \u0130tiraf Etti<\/p>\n<p>\u00d6te yandan i\u015fgal g\u00fc\u00e7leri bug\u00fcn Filistin Direni\u015f G\u00fc\u00e7lerinin d\u00fcn gece i\u015fgal varl\u0131\u011f\u0131n\u0131n sald\u0131r\u0131lar\u0131na cevap vermesi esnas\u0131nda iki askerinin \u00f6ld\u00fc\u011f\u00fcn\u00fc itiraf ederken, sald\u0131r\u0131n\u0131n ba\u015flamas\u0131ndan bu yana itiraf etti\u011fi \u00f6len askerlerinin say\u0131s\u0131 27\u2019ye y\u00fckselmi\u015f oldu.<\/p>\n<p>AFP i\u015fgal g\u00fc\u00e7lerinin beyan\u0131ndan naklen askerlerinden 3\u2019\u00fcn\u00fcn d\u00fcn gece a\u011f\u0131r yaraland\u0131klar\u0131n\u0131 itiraf etti.<\/p>\n<p>\u0130\u015fgal g\u00fc\u00e7leri d\u00fcn ise Filistin Direni\u015finin Gazze Kesimindeki operasyonlar\u0131 neticesinde 7 askerinin \u00f6ld\u00fc\u011f\u00fcn\u00fc 30 askerinin de yaraland\u0131\u011f\u0131n\u0131 bunlardan 3\u2019\u00fcn\u00fcn a\u011f\u0131r yaral\u0131 oldu\u011funu ilan etmi\u015fti.<\/p>\n<p>\u0130\u015fgal g\u00fc\u00e7leri bir \u00f6nceki g\u00fcnde 13 askerinin kara operasyonu esnas\u0131nda \u00f6ld\u00fc\u011f\u00fcn\u00fc ilan etmi\u015f, d\u00fc\u015fman televizyonu da Gazze\u2019de yaralan\u0131p i\u015fgal hastanelerinde tedavi g\u00f6ren \u0130srailli asker say\u0131s\u0131n\u0131 101 olarak verdi.<\/p>\n<p>\u00d6te yandan Amerika vatanda\u015flar\u0131n\u0131n \u0130srail ve Gazze Kesimi\u2019ne gitmemesi i\u00e7in uyar\u0131da bulunurken AFP, Amerika D\u0131\u015fi\u015fleri Bakanl\u0131\u011f\u0131n\u0131n yay\u0131nlad\u0131\u011f\u0131 beyan\u0131nda vatanda\u015flar\u0131n\u0131n \u0130srail, Bat\u0131 Yaka ve Gazze Kesimine gitmemesi i\u00e7in uyar\u0131da bulundu\u011funu ifade etmi\u015fti.<\/p>\n<p>AFP, Washington\u2019un i\u015fgal varl\u0131\u011f\u0131ndaki B\u00fcy\u00fckel\u00e7isinin \u201cs\u0131n\u0131rl\u0131 bir \u015fekilde\u201d \u00e7al\u0131\u015ft\u0131\u011f\u0131n\u0131, personelini de hafifletti\u011fini ve sadece \u00e7ok acil konsolosluk i\u015flemleri sundu\u011funa dikkat \u00e7ekti.<\/p>\n","protected":false},"excerpt":{"rendered":"<p>GAZZE \u2013\u00a0\u0130\u015fgalci \u0130srail\u2019in Gazze\u2019de masum sivillere y\u00f6nelik i\u015fledi\u011fi katliamlar\u0131n s\u00fcrmesiyle birlikte bug\u00fcn 16 \u015fehit ve 60\u2019tan fazla yaral\u0131n\u0131n d\u00fc\u015fmesi ard\u0131ndan \u015fehit say\u0131s\u0131 584\u2019e yaral\u0131 say\u0131s\u0131 ise 3650\u2019ye y\u00fckselmi\u015f oldu. Filistinli VEFA ajans\u0131 i\u015fgal g\u00fc\u00e7lerinin g\u00fcneyde Rafah\u2019tan kuzeyde ise Beyt Hanun\u2019a kadar Gazze\u2019yi kara, hava ve denizden yo\u011fun bir \u015fekilde bombard\u0131man ate\u015fine tuttu\u011funu s\u00f6yledi. Filistinli MAA &hellip;<\/p>\n","protected":false},"author":1,"featured_media":5657,"comment_status":"closed","ping_status":"closed","sticky":false,"template":"","format":"standard","meta":{"footnotes":""},"categories":[458,459,447],"tags":[1237],"class_list":["post-5656","post","type-post","status-publish","format-standard","has-post-thumbnail","","category-dunya1","category-haberler-arap-uluslararasi-politika","category-politika","tag-gazzeye-isgal-saldirilari-suruyor-16-sehit-onlarca-yarali-2-isgal-askeri-de-oldu"],"_links":{"self":[{"href":"https:\/\/archive.sana.sy\/tr\/index.php?rest_route=\/wp\/v2\/posts\/5656","targetHints":{"allow":["GET"]}}],"collection":[{"href":"https:\/\/archive.sana.sy\/tr\/index.php?rest_route=\/wp\/v2\/posts"}],"about":[{"href":"https:\/\/archive.sana.sy\/tr\/index.php?rest_route=\/wp\/v2\/types\/post"}],"author":[{"embeddable":true,"href":"https:\/\/archive.sana.sy\/tr\/index.php?rest_route=\/wp\/v2\/users\/1"}],"replies":[{"embeddable":true,"href":"https:\/\/archive.sana.sy\/tr\/index.php?rest_route=%2Fwp%2Fv2%2Fcomments&post=5656"}],"version-history":[{"count":0,"href":"https:\/\/archive.sana.sy\/tr\/index.php?rest_route=\/wp\/v2\/posts\/5656\/revisions"}],"wp:featuredmedia":[{"embeddable":true,"href":"https:\/\/archive.sana.sy\/tr\/index.php?rest_route=\/wp\/v2\/media\/5657"}],"wp:attachment":[{"href":"https:\/\/archive.sana.sy\/tr\/index.php?rest_route=%2Fwp%2Fv2%2Fmedia&parent=5656"}],"wp:term":[{"taxonomy":"category","embeddable":true,"href":"https:\/\/archive.sana.sy\/tr\/index.php?rest_route=%2Fwp%2Fv2%2Fcategories&post=5656"},{"taxonomy":"post_tag","embeddable":true,"href":"https:\/\/archive.sana.sy\/tr\/index.php?rest_route=%2Fwp%2Fv2%2Ftags&post=5656"}],"curies":[{"name":"wp","href":"https:\/\/api.w.org\/{rel}","templated":true}]}}