{"id":56570,"date":"2015-12-29T18:30:06","date_gmt":"2015-12-29T16:30:06","guid":{"rendered":"http:\/\/www.sana.sy\/tr\/?p=56570"},"modified":"2015-12-30T16:42:16","modified_gmt":"2015-12-30T14:42:16","slug":"vatan-koruyucularimiz-teror-gruplarini-bertaraf-etmeye-devam-ediyor-4","status":"publish","type":"post","link":"https:\/\/archive.sana.sy\/tr\/?p=56570","title":{"rendered":"Vatan Koruyucular\u0131m\u0131z Ter\u00f6r Gruplar\u0131n\u0131 Bertaraf Etmeye Devam Ediyor"},"content":{"rendered":"<p>\u0130LLER \u2013 Ulusal duyarl\u0131l\u0131k ve ter\u00f6re kar\u015f\u0131 m\u00fccadelede t\u00fcm d\u00fcnyan\u0131 hayret i\u00e7inde b\u0131rakan vatan koruyucular\u0131 ordu birliklerimiz \u00e7okuluslu ter\u00f6r \u00e7etelerini say\u0131 ve te\u00e7hizatlar\u0131yla bertaraf etmeye devam ediyor.<\/p>\n<p><span style=\"color: #0000ff\">\u0130DL\u0130B:<\/span><\/p>\n<p>SANA\u2019ya a\u00e7\u0131klama yapan askeri bir kaynak ordu birliklerimizin \u0130dlib k\u0131rsal\u0131nda Erdo\u011fan ve Suudi rejiminin destek ve komutalar\u0131nda ter\u00f6r faaliyetlerinde bulunan \u00e7okuluslu tekfirci \u00e7etelere kar\u015f\u0131 operasyonlar\u0131 \u00e7er\u00e7evesinde T\u00fcrkiye s\u0131n\u0131rlar\u0131na yak\u0131n Dane Beldesinde Nusra Cephesinin bir karargah\u0131n\u0131 i\u00e7indeki ter\u00f6ristlerle birlikte imha ettiklerini ifade etti<\/p>\n<p><span style=\"color: #0000ff\">LAZK\u0130YE:<\/span><\/p>\n<p>SANA\u2019ya a\u00e7\u0131klama yapan askeri bir kaynak ordu birliklerimizin Lazkiye k\u0131rsal\u0131n\u0131n kuzeyinde Erdo\u011fan rejimine tabi \u00e7okuluslu tekfirci ter\u00f6r \u00e7etelere y\u00f6nelik operasyonlar\u0131n\u0131 ba\u015far\u0131yla s\u00fcrd\u00fcrerek Burc el Kasab Beldesi ve 1044 Tepesini kontrollerine ge\u00e7irdiklerini belirtti.<\/p>\n<p><span style=\"color: #0000ff\">HAMA:<\/span><\/p>\n<p>Hama k\u0131rsal\u0131nda Erdo\u011fan ve Suudi rejimlerine ba\u011fl\u0131 \u00e7okuluslu tekfirci \u00f6rg\u00fctlere kar\u015f\u0131 operasyonlar\u0131nda ordu birliklerimiz il k\u0131rsal\u0131n\u0131n kuzeyi Maerkibbe ve Latamina b\u00f6lgelerine ek olarak \u015eah\u015fibo Da\u011f\u0131nda aralar\u0131nda Nusra Cephesinin bariz bir komutan\u0131n\u0131n bulundu\u011fu 21 ter\u00f6risti \u00f6ld\u00fcr\u00fcrken bir k\u0131sm\u0131 a\u011f\u0131r silahlarla donat\u0131lm\u0131\u015f 8 arac\u0131 da imha etti.<\/p>\n<p>G\u00fcn\u00fcn ilerleyen saatlerinde a\u00e7\u0131klama yapan bir kaynak; hava g\u00fc\u00e7lerimizin Hama Kentinin yakla\u015f\u0131k 30 km kuzeyine d\u00fc\u015fen Morik Kentinde ter\u00f6ristlerin siper ve karargahlar\u0131n\u0131 muhtevalar\u0131yla birlikte imha etmelerine e\u015f zamanl\u0131 olarak Tlul el Humr K\u00f6y\u00fcnde bir\u00e7ok ter\u00f6risti su\u00e7 edatlar\u0131yla birlikte etkisizle\u015ftirdiklerini beyan etti.<\/p>\n<p>Bu arada saha kaynaklar\u0131 SANA\u2019ya a\u00e7\u0131klamalar\u0131nda; ordu birliklerimizin Hama Kentinin yakla\u015f\u0131k 35 km kuzeyine d\u00fc\u015fen Latamina Beldesinde Nusra Cephesi ve \u2018Ezze Toplulu\u011fu\u2019 tekfircilerine kar\u015f\u0131 ba\u015far\u0131l\u0131 operasyonlar\u0131nda aralar\u0131nda tehlikeli isimlerin bulundu\u011fu en az 7 ter\u00f6risti \u00f6ld\u00fcrd\u00fcklerini s\u00f6yledi.<\/p>\n<p><span style=\"color: #0000ff\">DERA:<\/span><\/p>\n<p>Askeri kaynak Dera k\u0131rsal\u0131nda \u0130srail destekli Nusra Cephesi ve \u00e7at\u0131s\u0131 alt\u0131ndaki di\u011fer tekfirci \u00f6rg\u00fctlere y\u00f6nelik operasyonlar\u0131 kapsam\u0131nda ordu birliklerimizin Tel el He\u015f ve 82 T\u00fcmen kamp\u0131n\u0131n tamam\u0131n\u0131 kontrollerine ge\u00e7irdiklerini belirtti. Kaynak ordu birliklerimizin il k\u0131rsal\u0131n\u0131n kuzeyine d\u00fc\u015fen \u015eeyh Meskin ekseninde \u00f6nemli ilerlemeler kaydetmeye devam ettiklerini aktard\u0131.<\/p>\n<p>Ak\u015fam saatlerinde a\u00e7\u0131klama yapan bir kaynak; ordu birliklerimizin Dera k\u0131rsal\u0131n\u0131n kuzeyi Etman Beldesindeki Gezlan \u00c7iftli\u011finin kuzeyinde bir\u00e7ok ter\u00f6risti \u00f6l\u00fc ve yaral\u0131 d\u00fc\u015f\u00fcr\u00fcp havzalar\u0131ndaki silah ve m\u00fchimmatlara ek olarak ara\u00e7lar\u0131n\u0131 imha ettiklerini s\u00f6yledi.<\/p>\n<p>Kaynak; Dera Beled\u2019in Nazihin Kamp\u0131nda da ter\u00f6ristlerin yuva ve k\u00fcmelenme yerlerini yo\u011fun ate\u015fe tutan ordu birliklerimizin; radikal ter\u00f6ristlerin saflar\u0131nda a\u011f\u0131r kay\u0131plara yol a\u00e7t\u0131klar\u0131n\u0131 aktard\u0131.<\/p>\n<p>Bu arada ter\u00f6r \u00e7eteleri medya ara\u00e7lar\u0131nda Dera ve k\u0131rsal\u0131nda aralar\u0131nda tehlikeli isimlerin bulundu\u011fu onlarca ter\u00f6ristin \u00f6ld\u00fcr\u00fcld\u00fc\u011f\u00fcn\u00fc itiraf etti.<\/p>\n<p>https:\/\/www.youtube.com\/watch?v=QuZBYkgCZEc<\/p>\n<p><span style=\"color: #0000ff\">HOMS:<\/span><\/p>\n<p>Askeri kaynak ordu birliklerimizin halk savunma g\u00fc\u00e7leriyle i\u015fbirli\u011fi i\u00e7inde Homs k\u0131rsal\u0131n\u0131n g\u00fcneydo\u011fusu B\u00fcy\u00fck Mhin ve K\u00fc\u00e7\u00fck Mhin da\u011flar\u0131n\u0131n yan\u0131 s\u0131ra Mhin Beldesi ve depolar\u0131n\u0131, Hades ve Havvarin k\u00f6ylerini \u00e7okuluslu tekfirci ter\u00f6ristlerden temizleyerek kontrollerine ge\u00e7irdiklerini belirtti.<\/p>\n<p>Operasyonlarda aralar\u0131nda yabanc\u0131 ve saha komutanlar\u0131n\u0131n bulundu\u011fu I\u015e\u0130D\u2019li olduk\u00e7a y\u00fcksek say\u0131da ter\u00f6ristin \u00f6ld\u00fcr\u00fcld\u00fc\u011f\u00fcn\u00fc aktaran kaynak; Karyeteyn K\u00f6y\u00fc y\u00f6n\u00fcnde ka\u00e7an tekfircileri kovalama ve etkisizle\u015ftirme operasyonlar\u0131n\u0131 s\u00fcrd\u00fcrd\u00fcklerini ifade etti<\/p>\n<p>Hava g\u00fc\u00e7lerimizin Homs k\u0131rsal\u0131n\u0131n do\u011fusu \u015eair Petrol Sahas\u0131 ve Bayyarat\u2019\u0131n g\u00fcneyinde I\u015e\u0130D\u2019in mevki ve hareket eksenlerine hava operasyonlar\u0131 ger\u00e7ekle\u015ftirdiklerini belirten kaynak; \u00e7ok say\u0131da ter\u00f6risti \u00f6l\u00fc ve yaral\u0131 d\u00fc\u015f\u00fcr\u00fcp havzalar\u0131nda bulunan silah ve m\u00fchimmatlar\u0131n\u0131 imha ettiklerini s\u00f6yledi.<\/p>\n<p>Kaynak; Homs k\u0131rsal\u0131n\u0131n g\u00fcneydo\u011fusu Mhin civarlar\u0131nda da hava g\u00fc\u00e7lerimizin ter\u00f6ristlerin toplanma yerlerini imha ederken buralarda da radikal ter\u00f6ristleri say\u0131 ve te\u00e7hizatlar\u0131yla b\u00fcy\u00fck kay\u0131plara u\u011fratt\u0131klar\u0131n\u0131 s\u00f6zlerine ekledi.<\/p>\n<p>Homs Kentinin yakla\u015f\u0131k 7 km kuzeyine d\u00fc\u015fen Teyrmale K\u00f6y\u00fcnde de hava g\u00fc\u00e7lerimizin Nusra Cephesi ve \u00e7at\u0131s\u0131 alt\u0131ndaki ter\u00f6r \u00e7etelerine ait yuva ve ara\u00e7lar\u0131n\u0131 y\u00fckleriyle imha ettiklerini s\u00f6yleyen kaynak; \u00e7ok say\u0131da ter\u00f6risti \u00f6l\u00fc ve yaral\u0131 d\u00fc\u015f\u00fcrd\u00fcklerini aktard\u0131.<\/p>\n<p>https:\/\/www.youtube.com\/watch?v=4Q7ilqUzTEA<\/p>\n<p><span style=\"color: #0000ff\">DEYREZZOR:<\/span><\/p>\n<p>\u00d6te yandan hava g\u00fc\u00e7lerimiz Deyrezzor k\u0131rsal\u0131n\u0131n g\u00fcneydo\u011fusu Cafra K\u00f6y\u00fcnde I\u015e\u0130D ter\u00f6r \u00f6rg\u00fct\u00fcne ait yuva ve hareketlenmeleri yo\u011fun ate\u015fe tutmalar\u0131 sonucunda \u00e7ok say\u0131da ter\u00f6risti \u00f6l\u00fc ve yaral\u0131 d\u00fc\u015f\u00fcr\u00fcp bir k\u0131sm\u0131 a\u011f\u0131r makineli silahlarla donat\u0131lm\u0131\u015f ara\u00e7lar\u0131n\u0131 imha etti.<\/p>\n<p>Deyrezzor k\u0131rsal\u0131 Muhasan Nahiyesine tabi Mreyiye K\u00f6y\u00fcnde de radikal ter\u00f6r \u00f6rg\u00fct\u00fcn\u00fcn komuta karargah\u0131 ve ara\u00e7lar\u0131n\u0131 tamamen imha eden hava g\u00fc\u00e7lerimiz; buralarda da bir\u00e7ok ter\u00f6risti \u00f6l\u00fc ve yaral\u0131 d\u00fc\u015f\u00fcrd\u00fc.<\/p>\n<p><span style=\"color: #0000ff\">HALEP:<\/span><\/p>\n<p>Askeri kaynak; Halep k\u0131rsal\u0131nda ise ihvanc\u0131 Erdo\u011fan rejimine ba\u011fl\u0131 I\u015e\u0130D ve di\u011fer radikal ter\u00f6r \u00e7etelere y\u00f6nelik nitelikli operasyonlar\u0131n\u0131 s\u00fcrd\u00fcren hava g\u00fc\u00e7lerimizin; Deyr Hafer B\u00f6lgesine d\u00fc\u015fen Tel Hattabat ve Neccara k\u00f6ylerinde I\u015e\u0130D\u2019in toplanma yerleri ve mevkilerini hedef ald\u0131klar\u0131n\u0131 s\u00f6yledi. Kaynak; operasyonlarda I\u015e\u0130D\u2019in karargah ve ara\u00e7lar\u0131n\u0131n imha edilip \u00e7ok say\u0131da ter\u00f6ristin \u00f6l\u00fc ve yaral\u0131 d\u00fc\u015f\u00fcr\u00fcld\u00fc\u011f\u00fcne dikkat \u00e7ekti.<\/p>\n<p>Hava g\u00fc\u00e7lerimizin Halep k\u0131rsal\u0131n\u0131n kuzeydo\u011fusu el Bab B\u00f6lgesinin Ay\u015fe K\u00f6y\u00fcnde ter\u00f6ristlerin siper ve toplanma merkezlerini hedef ald\u0131klar\u0131n\u0131 aktaran kaynak; burada da tekfircileri say\u0131 ve te\u00e7hizatlar\u0131yla a\u011f\u0131r kay\u0131plara u\u011fratt\u0131klar\u0131n\u0131 belirtti.<\/p>\n<p>M.M. &#8211; R.H.<\/p>\n","protected":false},"excerpt":{"rendered":"<p>\u0130LLER \u2013 Ulusal duyarl\u0131l\u0131k ve ter\u00f6re kar\u015f\u0131 m\u00fccadelede t\u00fcm d\u00fcnyan\u0131 hayret i\u00e7inde b\u0131rakan vatan koruyucular\u0131 ordu birliklerimiz \u00e7okuluslu ter\u00f6r \u00e7etelerini say\u0131 ve te\u00e7hizatlar\u0131yla bertaraf etmeye devam ediyor. \u0130DL\u0130B: SANA\u2019ya a\u00e7\u0131klama yapan askeri bir kaynak ordu birliklerimizin \u0130dlib k\u0131rsal\u0131nda Erdo\u011fan ve Suudi rejiminin destek ve komutalar\u0131nda ter\u00f6r faaliyetlerinde bulunan \u00e7okuluslu tekfirci \u00e7etelere kar\u015f\u0131 operasyonlar\u0131 \u00e7er\u00e7evesinde T\u00fcrkiye &hellip;<\/p>\n","protected":false},"author":1,"featured_media":56571,"comment_status":"closed","ping_status":"closed","sticky":false,"template":"","format":"standard","meta":{"footnotes":""},"categories":[575],"tags":[16202],"class_list":["post-56570","post","type-post","status-publish","format-standard","has-post-thumbnail","","category-olaylar-ve-gercekler","tag-vatan-koruyucularimiz-teror-gruplarini-bertaraf-etmeye-devam-ediyor"],"_links":{"self":[{"href":"https:\/\/archive.sana.sy\/tr\/index.php?rest_route=\/wp\/v2\/posts\/56570","targetHints":{"allow":["GET"]}}],"collection":[{"href":"https:\/\/archive.sana.sy\/tr\/index.php?rest_route=\/wp\/v2\/posts"}],"about":[{"href":"https:\/\/archive.sana.sy\/tr\/index.php?rest_route=\/wp\/v2\/types\/post"}],"author":[{"embeddable":true,"href":"https:\/\/archive.sana.sy\/tr\/index.php?rest_route=\/wp\/v2\/users\/1"}],"replies":[{"embeddable":true,"href":"https:\/\/archive.sana.sy\/tr\/index.php?rest_route=%2Fwp%2Fv2%2Fcomments&post=56570"}],"version-history":[{"count":0,"href":"https:\/\/archive.sana.sy\/tr\/index.php?rest_route=\/wp\/v2\/posts\/56570\/revisions"}],"wp:featuredmedia":[{"embeddable":true,"href":"https:\/\/archive.sana.sy\/tr\/index.php?rest_route=\/wp\/v2\/media\/56571"}],"wp:attachment":[{"href":"https:\/\/archive.sana.sy\/tr\/index.php?rest_route=%2Fwp%2Fv2%2Fmedia&parent=56570"}],"wp:term":[{"taxonomy":"category","embeddable":true,"href":"https:\/\/archive.sana.sy\/tr\/index.php?rest_route=%2Fwp%2Fv2%2Fcategories&post=56570"},{"taxonomy":"post_tag","embeddable":true,"href":"https:\/\/archive.sana.sy\/tr\/index.php?rest_route=%2Fwp%2Fv2%2Ftags&post=56570"}],"curies":[{"name":"wp","href":"https:\/\/api.w.org\/{rel}","templated":true}]}}