{"id":56575,"date":"2015-12-29T16:13:21","date_gmt":"2015-12-29T14:13:21","guid":{"rendered":"http:\/\/www.sana.sy\/tr\/?p=56575"},"modified":"2015-12-29T16:13:21","modified_gmt":"2015-12-29T14:13:21","slug":"de-mistura-bunun-icin-bolge-ulkelerine-is-gezisinde-bulunacak","status":"publish","type":"post","link":"https:\/\/archive.sana.sy\/tr\/?p=56575","title":{"rendered":"De Mistura Bunun \u0130\u00e7in B\u00f6lge \u00dclkelerine \u0130\u015f Gezisinde Bulunacak"},"content":{"rendered":"<p>MOSKOVA \u2013 Rusya D\u0131\u015fi\u015fleri Bakan\u0131 Yard\u0131mc\u0131s\u0131 Gennady Gatilov; 25 Ocak\u2019ta Cenevre&#8217;de Suriye h\u00fck\u00fcmeti ile temsilcileri aras\u0131nda yap\u0131lacak g\u00f6r\u00fc\u015fmeler i\u00e7in haz\u0131rl\u0131\u011f\u0131n hen\u00fcz tamamlanmad\u0131\u011f\u0131n\u0131 belirtti.<\/p>\n<p>Gatilov bug\u00fcn Moskova\u2019da bas\u0131na yapt\u0131\u011f\u0131 a\u00e7\u0131klamada; Birle\u015fmi\u015f Milletler Suriye \u00f6zel temsilcisi Staffan de Mistura\u2019n\u0131n belirlenen tarihten \u00f6nce muhalefet temsilcileri listesini haz\u0131rlamak amac\u0131yla \u015eam dahil b\u00f6lgenin bir k\u0131s\u0131m devletlerine i\u015f gezisinde bulunaca\u011f\u0131n\u0131 belirtti.<\/p>\n<p>Bu arada muhtelif devletlerin patronajl\u0131\u011f\u0131nda \u2018Suriye muhalefetli\u011fi\u2019 yapan gruplar \u015fu ana dek Cenevre\u2019de kendilerini temsil edecek ikna edici bir heyet belirleyemedi.<\/p>\n","protected":false},"excerpt":{"rendered":"<p>MOSKOVA \u2013 Rusya D\u0131\u015fi\u015fleri Bakan\u0131 Yard\u0131mc\u0131s\u0131 Gennady Gatilov; 25 Ocak\u2019ta Cenevre&#8217;de Suriye h\u00fck\u00fcmeti ile temsilcileri aras\u0131nda yap\u0131lacak g\u00f6r\u00fc\u015fmeler i\u00e7in haz\u0131rl\u0131\u011f\u0131n hen\u00fcz tamamlanmad\u0131\u011f\u0131n\u0131 belirtti. Gatilov bug\u00fcn Moskova\u2019da bas\u0131na yapt\u0131\u011f\u0131 a\u00e7\u0131klamada; Birle\u015fmi\u015f Milletler Suriye \u00f6zel temsilcisi Staffan de Mistura\u2019n\u0131n belirlenen tarihten \u00f6nce muhalefet temsilcileri listesini haz\u0131rlamak amac\u0131yla \u015eam dahil b\u00f6lgenin bir k\u0131s\u0131m devletlerine i\u015f gezisinde bulunaca\u011f\u0131n\u0131 belirtti. &hellip;<\/p>\n","protected":false},"author":1,"featured_media":56578,"comment_status":"closed","ping_status":"closed","sticky":false,"template":"","format":"standard","meta":{"footnotes":""},"categories":[458,459,17988],"tags":[18292,16858],"class_list":["post-56575","post","type-post","status-publish","format-standard","has-post-thumbnail","","category-dunya1","category-haberler-arap-uluslararasi-politika","category-son-haberler","tag-birlesmis-milletler-suriye-ozel-temsilcisi-staffan-de-mistura","tag-rusya-disisleri-bakani-yardimcisi-gennady-gatilov"],"_links":{"self":[{"href":"https:\/\/archive.sana.sy\/tr\/index.php?rest_route=\/wp\/v2\/posts\/56575","targetHints":{"allow":["GET"]}}],"collection":[{"href":"https:\/\/archive.sana.sy\/tr\/index.php?rest_route=\/wp\/v2\/posts"}],"about":[{"href":"https:\/\/archive.sana.sy\/tr\/index.php?rest_route=\/wp\/v2\/types\/post"}],"author":[{"embeddable":true,"href":"https:\/\/archive.sana.sy\/tr\/index.php?rest_route=\/wp\/v2\/users\/1"}],"replies":[{"embeddable":true,"href":"https:\/\/archive.sana.sy\/tr\/index.php?rest_route=%2Fwp%2Fv2%2Fcomments&post=56575"}],"version-history":[{"count":0,"href":"https:\/\/archive.sana.sy\/tr\/index.php?rest_route=\/wp\/v2\/posts\/56575\/revisions"}],"wp:featuredmedia":[{"embeddable":true,"href":"https:\/\/archive.sana.sy\/tr\/index.php?rest_route=\/wp\/v2\/media\/56578"}],"wp:attachment":[{"href":"https:\/\/archive.sana.sy\/tr\/index.php?rest_route=%2Fwp%2Fv2%2Fmedia&parent=56575"}],"wp:term":[{"taxonomy":"category","embeddable":true,"href":"https:\/\/archive.sana.sy\/tr\/index.php?rest_route=%2Fwp%2Fv2%2Fcategories&post=56575"},{"taxonomy":"post_tag","embeddable":true,"href":"https:\/\/archive.sana.sy\/tr\/index.php?rest_route=%2Fwp%2Fv2%2Ftags&post=56575"}],"curies":[{"name":"wp","href":"https:\/\/api.w.org\/{rel}","templated":true}]}}