{"id":56589,"date":"2015-12-30T09:30:11","date_gmt":"2015-12-30T07:30:11","guid":{"rendered":"http:\/\/sana.sy\/tr\/?p=56589"},"modified":"2015-12-30T09:55:34","modified_gmt":"2015-12-30T07:55:34","slug":"v-5","status":"publish","type":"post","link":"https:\/\/archive.sana.sy\/tr\/?p=56589","title":{"rendered":"Arap Yazarlar Edebiyat\u00e7\u0131lar Birli\u011finden Bir Heyet Suriye\u2019yi Ziyaret Ediyor"},"content":{"rendered":"<p>ABU DAB\u0130 \u2013 Arap Yazarlar ve Edebiyat\u00e7\u0131lar Birli\u011fi Abu Dabi\u2019de faaliyetleri d\u00fcn sona eren 26. Kongresinde, Suriye\u2019ye dayan\u0131\u015fma ziyareti d\u00fczenlemek \u00fczere birlik kapsam\u0131nda bir heyet olu\u015fturulmas\u0131, Suriyeli heyetin talebi do\u011frultusunda 2016 yaz mevsiminde Arap Yazarlar ve Edebiyat\u00e7\u0131lar birli\u011finin toplant\u0131s\u0131n\u0131 Suriye\u2019de d\u00fczenlemekararlar\u0131n\u0131 oy birli\u011fi ile onaylad\u0131.<\/p>\n<p><a href=\"http:\/\/sana.sy\/tr\/?attachment_id=56590\" rel=\"attachment wp-att-56590\"><img loading=\"lazy\" decoding=\"async\" class=\"size-medium wp-image-56590 alignright\" src=\"http:\/\/sana.sy\/tr\/wp-content\/uploads\/2015\/12\/2-23-195x300.jpg\" alt=\"2\" width=\"195\" height=\"300\" srcset=\"https:\/\/archive.sana.sy\/tr\/wp-content\/uploads\/2015\/12\/2-23-195x300.jpg 195w, https:\/\/archive.sana.sy\/tr\/wp-content\/uploads\/2015\/12\/2-23-98x150.jpg 98w, https:\/\/archive.sana.sy\/tr\/wp-content\/uploads\/2015\/12\/2-23.jpg 550w\" sizes=\"auto, (max-width: 195px) 100vw, 195px\" \/><\/a>Dr. Nidal el Salih\u2019in Arap Yazarlar Birli\u011fi Ba\u015fkan\u0131 olarak se\u00e7ildi\u011fi kongrede Suriye Heyeti Ba\u015fkan\u0131 Arap Yazarlar ve Edebiyat\u00e7\u0131lar Birli\u011fi Genel Sekreter Yard\u0131mc\u0131s\u0131 se\u00e7ildi.<\/p>\n<p>Kongrede ayr\u0131ca Emirliklerinden Edebiyat\u00e7\u0131 Habip el Sayya\u011f Arap Yazarlar ve Edebiyat\u00e7\u0131lar Birli\u011fi Genel Sekreterli\u011fine se\u00e7ildi.<\/p>\n<p>F.B. &#8211; R.H.<\/p>\n","protected":false},"excerpt":{"rendered":"<p>ABU DAB\u0130 \u2013 Arap Yazarlar ve Edebiyat\u00e7\u0131lar Birli\u011fi Abu Dabi\u2019de faaliyetleri d\u00fcn sona eren 26. Kongresinde, Suriye\u2019ye dayan\u0131\u015fma ziyareti d\u00fczenlemek \u00fczere birlik kapsam\u0131nda bir heyet olu\u015fturulmas\u0131, Suriyeli heyetin talebi do\u011frultusunda 2016 yaz mevsiminde Arap Yazarlar ve Edebiyat\u00e7\u0131lar birli\u011finin toplant\u0131s\u0131n\u0131 Suriye\u2019de d\u00fczenlemekararlar\u0131n\u0131 oy birli\u011fi ile onaylad\u0131. Dr. Nidal el Salih\u2019in Arap Yazarlar Birli\u011fi Ba\u015fkan\u0131 olarak se\u00e7ildi\u011fi &hellip;<\/p>\n","protected":false},"author":1,"featured_media":56591,"comment_status":"closed","ping_status":"closed","sticky":false,"template":"","format":"standard","meta":{"footnotes":""},"categories":[458,459,17988],"tags":[18294],"class_list":["post-56589","post","type-post","status-publish","format-standard","has-post-thumbnail","","category-dunya1","category-haberler-arap-uluslararasi-politika","category-son-haberler","tag-arap-yazarlar-edebiyatcilar-birliginden-bir-heyet-suriyeyi-ziyaret-ediyor"],"_links":{"self":[{"href":"https:\/\/archive.sana.sy\/tr\/index.php?rest_route=\/wp\/v2\/posts\/56589","targetHints":{"allow":["GET"]}}],"collection":[{"href":"https:\/\/archive.sana.sy\/tr\/index.php?rest_route=\/wp\/v2\/posts"}],"about":[{"href":"https:\/\/archive.sana.sy\/tr\/index.php?rest_route=\/wp\/v2\/types\/post"}],"author":[{"embeddable":true,"href":"https:\/\/archive.sana.sy\/tr\/index.php?rest_route=\/wp\/v2\/users\/1"}],"replies":[{"embeddable":true,"href":"https:\/\/archive.sana.sy\/tr\/index.php?rest_route=%2Fwp%2Fv2%2Fcomments&post=56589"}],"version-history":[{"count":0,"href":"https:\/\/archive.sana.sy\/tr\/index.php?rest_route=\/wp\/v2\/posts\/56589\/revisions"}],"wp:featuredmedia":[{"embeddable":true,"href":"https:\/\/archive.sana.sy\/tr\/index.php?rest_route=\/wp\/v2\/media\/56591"}],"wp:attachment":[{"href":"https:\/\/archive.sana.sy\/tr\/index.php?rest_route=%2Fwp%2Fv2%2Fmedia&parent=56589"}],"wp:term":[{"taxonomy":"category","embeddable":true,"href":"https:\/\/archive.sana.sy\/tr\/index.php?rest_route=%2Fwp%2Fv2%2Fcategories&post=56589"},{"taxonomy":"post_tag","embeddable":true,"href":"https:\/\/archive.sana.sy\/tr\/index.php?rest_route=%2Fwp%2Fv2%2Ftags&post=56589"}],"curies":[{"name":"wp","href":"https:\/\/api.w.org\/{rel}","templated":true}]}}