{"id":56598,"date":"2015-12-30T12:09:11","date_gmt":"2015-12-30T10:09:11","guid":{"rendered":"http:\/\/www.sana.sy\/tr\/?p=56598"},"modified":"2015-12-30T12:09:11","modified_gmt":"2015-12-30T10:09:11","slug":"askeri-kaynak-sanaya-aciklamasinda-ordu-birliklerimizin-homs-kirsalinin-unk-el-hava-ve-hvarin-karyeteyn-ekseninin-yani-sira-hama-kirsali-cena-el-albavi-ve-cub-el-reyyan-ile-birlikte","status":"publish","type":"post","link":"https:\/\/archive.sana.sy\/tr\/?p=56598","title":{"rendered":"Askeri kaynak SANA\u2019ya a\u00e7\u0131klamas\u0131nda ordu birliklerimizin Homs k\u0131rsal\u0131n\u0131n Unk el Hava ve Hvarin \u2013 Karyeteyn ekseninin yan\u0131 s\u0131ra Hama k\u0131rsal\u0131 Cena el Albavi ve Cub el Reyyan ile birlikte Deyrezzor k\u0131rsal\u0131 Cafra ve Mureyiye b\u00f6lgelerinde \u00e7okuluslu tekfirci ter\u00f6ristlerin karargah ve ara\u00e7lar\u0131n\u0131 muhtevalar\u0131yla imha etti"},"content":{"rendered":"<p>Askeri kaynak SANA\u2019ya a\u00e7\u0131klamas\u0131nda ordu birliklerimizin Homs k\u0131rsal\u0131n\u0131n Unk el Hava ve Hvarin \u2013 Karyeteyn ekseninin yan\u0131 s\u0131ra Hama k\u0131rsal\u0131 Cena el Albavi ve Cub el Reyyan ile birlikte Deyrezzor k\u0131rsal\u0131 Cafra ve Mureyiye b\u00f6lgelerinde \u00e7okuluslu tekfirci ter\u00f6ristlerin karargah ve ara\u00e7lar\u0131n\u0131 muhtevalar\u0131yla imha etti<\/p>\n","protected":false},"excerpt":{"rendered":"<p>Askeri kaynak SANA\u2019ya a\u00e7\u0131klamas\u0131nda ordu birliklerimizin Homs k\u0131rsal\u0131n\u0131n Unk el Hava ve Hvarin \u2013 Karyeteyn ekseninin yan\u0131 s\u0131ra Hama k\u0131rsal\u0131 Cena el Albavi ve Cub el Reyyan ile birlikte Deyrezzor k\u0131rsal\u0131 Cafra ve Mureyiye b\u00f6lgelerinde \u00e7okuluslu tekfirci ter\u00f6ristlerin karargah ve ara\u00e7lar\u0131n\u0131 muhtevalar\u0131yla imha etti<\/p>\n","protected":false},"author":1,"featured_media":0,"comment_status":"closed","ping_status":"closed","sticky":false,"template":"","format":"standard","meta":{"footnotes":""},"categories":[17991],"tags":[],"class_list":["post-56598","post","type-post","status-publish","format-standard","","category-son-dakika"],"_links":{"self":[{"href":"https:\/\/archive.sana.sy\/tr\/index.php?rest_route=\/wp\/v2\/posts\/56598","targetHints":{"allow":["GET"]}}],"collection":[{"href":"https:\/\/archive.sana.sy\/tr\/index.php?rest_route=\/wp\/v2\/posts"}],"about":[{"href":"https:\/\/archive.sana.sy\/tr\/index.php?rest_route=\/wp\/v2\/types\/post"}],"author":[{"embeddable":true,"href":"https:\/\/archive.sana.sy\/tr\/index.php?rest_route=\/wp\/v2\/users\/1"}],"replies":[{"embeddable":true,"href":"https:\/\/archive.sana.sy\/tr\/index.php?rest_route=%2Fwp%2Fv2%2Fcomments&post=56598"}],"version-history":[{"count":0,"href":"https:\/\/archive.sana.sy\/tr\/index.php?rest_route=\/wp\/v2\/posts\/56598\/revisions"}],"wp:attachment":[{"href":"https:\/\/archive.sana.sy\/tr\/index.php?rest_route=%2Fwp%2Fv2%2Fmedia&parent=56598"}],"wp:term":[{"taxonomy":"category","embeddable":true,"href":"https:\/\/archive.sana.sy\/tr\/index.php?rest_route=%2Fwp%2Fv2%2Fcategories&post=56598"},{"taxonomy":"post_tag","embeddable":true,"href":"https:\/\/archive.sana.sy\/tr\/index.php?rest_route=%2Fwp%2Fv2%2Ftags&post=56598"}],"curies":[{"name":"wp","href":"https:\/\/api.w.org\/{rel}","templated":true}]}}