{"id":56599,"date":"2015-12-30T12:38:24","date_gmt":"2015-12-30T10:38:24","guid":{"rendered":"http:\/\/www.sana.sy\/tr\/?p=56599"},"modified":"2015-12-30T12:38:24","modified_gmt":"2015-12-30T10:38:24","slug":"sanaya-aciklama-yapan-askeri-kaynak-ordu-birliklerimizin-dera-kirsali-seyh-meskin-ekseninde-israil-ceteleri-tekfirci-teroristleri-bertaraf-etme-ve-onemli-ilerlemeler-kaydetmeye-devam-ettikler","status":"publish","type":"post","link":"https:\/\/archive.sana.sy\/tr\/?p=56599","title":{"rendered":"SANA\u2019ya a\u00e7\u0131klama yapan askeri kaynak ordu birliklerimizin Dera k\u0131rsal\u0131 \u015eeyh Meskin ekseninde \u0130srail \u00e7eteleri tekfirci ter\u00f6ristleri bertaraf etme ve \u00f6nemli ilerlemeler kaydetmeye devam ettiklerini belirtirken, kent i\u00e7inde bir\u00e7ok eksende ilerlediklerini, bulvar ve askeri konutlar b\u00f6lgelerine kadara ula\u015ft\u0131klar\u0131n\u0131 aktard\u0131"},"content":{"rendered":"<p>SANA\u2019ya a\u00e7\u0131klama yapan askeri kaynak ordu birliklerimizin Dera k\u0131rsal\u0131 \u015eeyh Meskin ekseninde \u0130srail \u00e7eteleri tekfirci ter\u00f6ristleri bertaraf etme ve \u00f6nemli ilerlemeler kaydetmeye devam ettiklerini belirtirken, kent i\u00e7inde bir\u00e7ok eksende ilerlediklerini, bulvar ve askeri konutlar b\u00f6lgelerine kadara ula\u015ft\u0131klar\u0131n\u0131 aktard\u0131<\/p>\n","protected":false},"excerpt":{"rendered":"<p>SANA\u2019ya a\u00e7\u0131klama yapan askeri kaynak ordu birliklerimizin Dera k\u0131rsal\u0131 \u015eeyh Meskin ekseninde \u0130srail \u00e7eteleri tekfirci ter\u00f6ristleri bertaraf etme ve \u00f6nemli ilerlemeler kaydetmeye devam ettiklerini belirtirken, kent i\u00e7inde bir\u00e7ok eksende ilerlediklerini, bulvar ve askeri konutlar b\u00f6lgelerine kadara ula\u015ft\u0131klar\u0131n\u0131 aktard\u0131<\/p>\n","protected":false},"author":1,"featured_media":0,"comment_status":"closed","ping_status":"closed","sticky":false,"template":"","format":"standard","meta":{"footnotes":""},"categories":[17991],"tags":[],"class_list":["post-56599","post","type-post","status-publish","format-standard","","category-son-dakika"],"_links":{"self":[{"href":"https:\/\/archive.sana.sy\/tr\/index.php?rest_route=\/wp\/v2\/posts\/56599","targetHints":{"allow":["GET"]}}],"collection":[{"href":"https:\/\/archive.sana.sy\/tr\/index.php?rest_route=\/wp\/v2\/posts"}],"about":[{"href":"https:\/\/archive.sana.sy\/tr\/index.php?rest_route=\/wp\/v2\/types\/post"}],"author":[{"embeddable":true,"href":"https:\/\/archive.sana.sy\/tr\/index.php?rest_route=\/wp\/v2\/users\/1"}],"replies":[{"embeddable":true,"href":"https:\/\/archive.sana.sy\/tr\/index.php?rest_route=%2Fwp%2Fv2%2Fcomments&post=56599"}],"version-history":[{"count":0,"href":"https:\/\/archive.sana.sy\/tr\/index.php?rest_route=\/wp\/v2\/posts\/56599\/revisions"}],"wp:attachment":[{"href":"https:\/\/archive.sana.sy\/tr\/index.php?rest_route=%2Fwp%2Fv2%2Fmedia&parent=56599"}],"wp:term":[{"taxonomy":"category","embeddable":true,"href":"https:\/\/archive.sana.sy\/tr\/index.php?rest_route=%2Fwp%2Fv2%2Fcategories&post=56599"},{"taxonomy":"post_tag","embeddable":true,"href":"https:\/\/archive.sana.sy\/tr\/index.php?rest_route=%2Fwp%2Fv2%2Ftags&post=56599"}],"curies":[{"name":"wp","href":"https:\/\/api.w.org\/{rel}","templated":true}]}}