{"id":56627,"date":"2015-12-29T22:30:57","date_gmt":"2015-12-29T20:30:57","guid":{"rendered":"http:\/\/www.sana.sy\/tr\/?p=56627"},"modified":"2015-12-30T19:20:15","modified_gmt":"2015-12-30T17:20:15","slug":"agir-darbeler-altinda-psikolojileri-cokuyor","status":"publish","type":"post","link":"https:\/\/archive.sana.sy\/tr\/?p=56627","title":{"rendered":"A\u011f\u0131r Darbeler Alt\u0131nda Psikolojileri \u00c7\u00f6k\u00fcyor"},"content":{"rendered":"<p>\u015eAM \u2013 Suriye ordusunun askeri s\u00f6zc\u00fcs\u00fc d\u00fcn yay\u0131nlad\u0131\u011f\u0131 ve SANA\u2019n\u0131n bir n\u00fcshas\u0131n\u0131 ald\u0131\u011f\u0131 beyan\u0131nda ordu birliklerimizin herkes taraf\u0131ndan bilinen belli ba\u015fl\u0131 devletlerin destekledikleri \u00e7okuluslu tekfirci ter\u00f6ristlere kar\u015f\u0131 \u00f6nemli ba\u015far\u0131lar kaydederek onlar\u0131 say\u0131 ve ekipmanlar\u0131yla b\u00fcy\u00fck kay\u0131plara u\u011fratt\u0131klar\u0131n\u0131 belirtti.<\/p>\n<p>Askeri s\u00f6zc\u00fc ordu birliklerimizin a\u011f\u0131r darbeleri alt\u0131nda b\u00fcy\u00fck kay\u0131plar veren ter\u00f6ristlerin ciddi bir psikolojik \u00e7\u00f6k\u00fc\u015f ya\u015fad\u0131klar\u0131na dikkat \u00e7ekerken, Dera, Homs, hama, Lazkiye ve Halep k\u0131rsallar\u0131nda aralar\u0131nda saha komutanlar\u0131n\u0131n bulundu\u011fu onlarcas\u0131n\u0131n \u00e7at\u0131\u015fmalardan ka\u00e7t\u0131klar\u0131n\u0131 vurgulad\u0131.<\/p>\n<p>Ordu birliklerimizin bir\u00e7ok ilde kontrolleri alt\u0131ndaki b\u00f6lgeleri geni\u015flettiklerini ve stratejik noktalar\u0131 ter\u00f6rden temizlediklerini ifade eden askeri s\u00f6zc\u00fc; Ordu ve Silahl\u0131 Kuvvetlerimizin yurdun istisnas\u0131z her kar\u0131\u015f topra\u011f\u0131n\u0131n ter\u00f6rden tamamen temizlenmesine dek sava\u015f\u0131n\u0131 azim ve kararl\u0131l\u0131kla s\u00fcrd\u00fcrme \u0131srar\u0131n\u0131n alt\u0131n\u0131 \u00e7izdi.<\/p>\n<p>https:\/\/www.youtube.com\/watch?v=IuG8xQ0JLFg<\/p>\n","protected":false},"excerpt":{"rendered":"<p>\u015eAM \u2013 Suriye ordusunun askeri s\u00f6zc\u00fcs\u00fc d\u00fcn yay\u0131nlad\u0131\u011f\u0131 ve SANA\u2019n\u0131n bir n\u00fcshas\u0131n\u0131 ald\u0131\u011f\u0131 beyan\u0131nda ordu birliklerimizin herkes taraf\u0131ndan bilinen belli ba\u015fl\u0131 devletlerin destekledikleri \u00e7okuluslu tekfirci ter\u00f6ristlere kar\u015f\u0131 \u00f6nemli ba\u015far\u0131lar kaydederek onlar\u0131 say\u0131 ve ekipmanlar\u0131yla b\u00fcy\u00fck kay\u0131plara u\u011fratt\u0131klar\u0131n\u0131 belirtti. Askeri s\u00f6zc\u00fc ordu birliklerimizin a\u011f\u0131r darbeleri alt\u0131nda b\u00fcy\u00fck kay\u0131plar veren ter\u00f6ristlerin ciddi bir psikolojik \u00e7\u00f6k\u00fc\u015f ya\u015fad\u0131klar\u0131na dikkat &hellip;<\/p>\n","protected":false},"author":1,"featured_media":56632,"comment_status":"closed","ping_status":"closed","sticky":false,"template":"","format":"standard","meta":{"footnotes":""},"categories":[575,17988],"tags":[18304,18303],"class_list":["post-56627","post","type-post","status-publish","format-standard","has-post-thumbnail","","category-olaylar-ve-gercekler","category-son-haberler","tag-ordu-ve-silahli-kuvvetlerimizin","tag-suriye-ordusunun-askeri-sozcusu"],"_links":{"self":[{"href":"https:\/\/archive.sana.sy\/tr\/index.php?rest_route=\/wp\/v2\/posts\/56627","targetHints":{"allow":["GET"]}}],"collection":[{"href":"https:\/\/archive.sana.sy\/tr\/index.php?rest_route=\/wp\/v2\/posts"}],"about":[{"href":"https:\/\/archive.sana.sy\/tr\/index.php?rest_route=\/wp\/v2\/types\/post"}],"author":[{"embeddable":true,"href":"https:\/\/archive.sana.sy\/tr\/index.php?rest_route=\/wp\/v2\/users\/1"}],"replies":[{"embeddable":true,"href":"https:\/\/archive.sana.sy\/tr\/index.php?rest_route=%2Fwp%2Fv2%2Fcomments&post=56627"}],"version-history":[{"count":0,"href":"https:\/\/archive.sana.sy\/tr\/index.php?rest_route=\/wp\/v2\/posts\/56627\/revisions"}],"wp:featuredmedia":[{"embeddable":true,"href":"https:\/\/archive.sana.sy\/tr\/index.php?rest_route=\/wp\/v2\/media\/56632"}],"wp:attachment":[{"href":"https:\/\/archive.sana.sy\/tr\/index.php?rest_route=%2Fwp%2Fv2%2Fmedia&parent=56627"}],"wp:term":[{"taxonomy":"category","embeddable":true,"href":"https:\/\/archive.sana.sy\/tr\/index.php?rest_route=%2Fwp%2Fv2%2Fcategories&post=56627"},{"taxonomy":"post_tag","embeddable":true,"href":"https:\/\/archive.sana.sy\/tr\/index.php?rest_route=%2Fwp%2Fv2%2Ftags&post=56627"}],"curies":[{"name":"wp","href":"https:\/\/api.w.org\/{rel}","templated":true}]}}