{"id":56646,"date":"2015-12-30T13:14:15","date_gmt":"2015-12-30T11:14:15","guid":{"rendered":"http:\/\/www.sana.sy\/tr\/?p=56646"},"modified":"2015-12-30T16:58:13","modified_gmt":"2015-12-30T14:58:13","slug":"en-etkin-silah-ordu-ve-halktir","status":"publish","type":"post","link":"https:\/\/archive.sana.sy\/tr\/?p=56646","title":{"rendered":"En Etkin Silah Ordu ve Halkt\u0131r"},"content":{"rendered":"<p>\u015eAM \u2013 Halk Meclisi bug\u00fcn ba\u015fkan\u0131 Muhammed Cihat el Lahham\u2019\u0131n ba\u015fkanl\u0131\u011f\u0131nda ve kabinenin kat\u0131l\u0131m\u0131yla Birinci Yasama D\u00f6neminin 11. Ola\u011fan Devresinin son oturumunu d\u00fczenledi.<\/p>\n<p>Oturumda konu\u015fan Meclis Ba\u015fkan\u0131 Lahham; Suriye&#8217;nin devlet ve halk olarak maruz kald\u0131\u011f\u0131 evrensel sava\u015f ve tekfirci ter\u00f6r kar\u015f\u0131s\u0131nda en etkin silah\u0131n her daim oldu\u011fu gibi kahraman Suriye ordusu ve onurlu halk\u0131n bilinci oldu\u011funu vurgulad\u0131.<\/p>\n<p>R.H.<\/p>\n","protected":false},"excerpt":{"rendered":"<p>\u015eAM \u2013 Halk Meclisi bug\u00fcn ba\u015fkan\u0131 Muhammed Cihat el Lahham\u2019\u0131n ba\u015fkanl\u0131\u011f\u0131nda ve kabinenin kat\u0131l\u0131m\u0131yla Birinci Yasama D\u00f6neminin 11. Ola\u011fan Devresinin son oturumunu d\u00fczenledi. Oturumda konu\u015fan Meclis Ba\u015fkan\u0131 Lahham; Suriye&#8217;nin devlet ve halk olarak maruz kald\u0131\u011f\u0131 evrensel sava\u015f ve tekfirci ter\u00f6r kar\u015f\u0131s\u0131nda en etkin silah\u0131n her daim oldu\u011fu gibi kahraman Suriye ordusu ve onurlu halk\u0131n bilinci &hellip;<\/p>\n","protected":false},"author":1,"featured_media":56702,"comment_status":"closed","ping_status":"closed","sticky":false,"template":"","format":"standard","meta":{"footnotes":""},"categories":[479,17988,478],"tags":[18306],"class_list":["post-56646","post","type-post","status-publish","format-standard","has-post-thumbnail","","category-haberler-yerel","category-son-haberler","category-yerel","tag-en-etkin-silah-ordu-ve-halktir"],"_links":{"self":[{"href":"https:\/\/archive.sana.sy\/tr\/index.php?rest_route=\/wp\/v2\/posts\/56646","targetHints":{"allow":["GET"]}}],"collection":[{"href":"https:\/\/archive.sana.sy\/tr\/index.php?rest_route=\/wp\/v2\/posts"}],"about":[{"href":"https:\/\/archive.sana.sy\/tr\/index.php?rest_route=\/wp\/v2\/types\/post"}],"author":[{"embeddable":true,"href":"https:\/\/archive.sana.sy\/tr\/index.php?rest_route=\/wp\/v2\/users\/1"}],"replies":[{"embeddable":true,"href":"https:\/\/archive.sana.sy\/tr\/index.php?rest_route=%2Fwp%2Fv2%2Fcomments&post=56646"}],"version-history":[{"count":0,"href":"https:\/\/archive.sana.sy\/tr\/index.php?rest_route=\/wp\/v2\/posts\/56646\/revisions"}],"wp:featuredmedia":[{"embeddable":true,"href":"https:\/\/archive.sana.sy\/tr\/index.php?rest_route=\/wp\/v2\/media\/56702"}],"wp:attachment":[{"href":"https:\/\/archive.sana.sy\/tr\/index.php?rest_route=%2Fwp%2Fv2%2Fmedia&parent=56646"}],"wp:term":[{"taxonomy":"category","embeddable":true,"href":"https:\/\/archive.sana.sy\/tr\/index.php?rest_route=%2Fwp%2Fv2%2Fcategories&post=56646"},{"taxonomy":"post_tag","embeddable":true,"href":"https:\/\/archive.sana.sy\/tr\/index.php?rest_route=%2Fwp%2Fv2%2Ftags&post=56646"}],"curies":[{"name":"wp","href":"https:\/\/api.w.org\/{rel}","templated":true}]}}