{"id":56651,"date":"2015-12-29T21:19:46","date_gmt":"2015-12-29T19:19:46","guid":{"rendered":"http:\/\/www.sana.sy\/tr\/?p=56651"},"modified":"2015-12-30T13:40:15","modified_gmt":"2015-12-30T11:40:15","slug":"terore-karsi-direnis-azimleri-biran-olsun-azalmadi","status":"publish","type":"post","link":"https:\/\/archive.sana.sy\/tr\/?p=56651","title":{"rendered":"Ter\u00f6re Kar\u015f\u0131 Direni\u015f Azimleri Biran Olsun Azalmad\u0131"},"content":{"rendered":"<p>\u015eAM \u2013 \u0130dlib K\u0131rsal\u0131n\u0131n Kefraya ve Fua beldeleri sakinleri beldelerini ku\u015fatm\u0131\u015f olan \u201cFetih Ordusu\u201d ter\u00f6r \u00f6rg\u00fct\u00fcn\u00fcn defalarca tekrar eden roket ve havan sald\u0131r\u0131lar\u0131na ra\u011fmen ter\u00f6re kar\u015f\u0131 direni\u015f azimlerini biran bile azaltmad\u0131lar.<\/p>\n<p>Kefraya ve Fua beldelerinden aralar\u0131nda \u00e7ocuk, kad\u0131n, din adam\u0131 ve \u015feyhlerin de bulundu\u011fu y\u00fczlerce yaral\u0131 vatanda\u015f uzun bir yolculuktan sonra d\u00fcn sabah saatlerinin erken saatlerinde \u015eam\u2019a ula\u015f\u0131rken ter\u00f6r ablukas\u0131 alt\u0131nda ya\u015fad\u0131klar\u0131 zul\u00fcm, ac\u0131 ve y\u0131k\u0131m\u0131 y\u00fcz ifadelerinde sakl\u0131 tuttular.<\/p>\n<p>D\u00fcn Keraya ve Fua beldelerinde ter\u00f6r ku\u015fatmas\u0131 alt\u0131ndaki 300 aile Birle\u015fmi\u015f Milletler ve K\u0131z\u0131lha\u00e7 \u00d6rg\u00fct\u00fcn\u00fcn g\u00f6zetimi alt\u0131nda tahliye edilerek \u015eam\u2019a getirildi.<\/p>\n<p>Fua Beldesi sakinlerinden Yaser silahl\u0131 ter\u00f6r gruplar\u0131n\u0131n d\u00fczenledi\u011fi havan sald\u0131r\u0131s\u0131nda isabet eden \u015farapnel par\u00e7alar\u0131 sonucu ba\u015f\u0131ndan yaralanm\u0131\u015f\u2026 belde sakinlerinin ekme\u011fini, suyunu, ilac\u0131n\u0131 ve b\u00fct\u00fcn ya\u015fam kaynaklar\u0131n\u0131 hedef alan ter\u00f6r ablukas\u0131 alt\u0131nda ya\u015fad\u0131klar\u0131 ac\u0131lar\u0131 anlatmak i\u00e7in konu\u015fmas\u0131na hi\u00e7 gerek yok asl\u0131nda\u2026 Fua\u2019da durum \u00e7ok tehlikeli diyor\u2026 insani yard\u0131m kamyonlar\u0131 ter\u00f6ristler taraf\u0131ndan gasp ediliyor\u2026 belde sakinlerine ula\u015fan yard\u0131m malzemeleri \u00e7ok yetersiz\u2026 \u015feklinde anlat\u0131m\u0131n\u0131 s\u00fcrd\u00fcr\u00fcyor.<\/p>\n<p>\u00dcm Cafer mutluluk, h\u00fcz\u00fcn ve korku dolu bak\u0131\u015flarla etraf\u0131n\u0131 izliyor\u2026 Fua\u2019dan selametle \u00e7\u0131kt\u0131k \u00e7ok \u015f\u00fck\u00fcr diye anlatmaya ba\u015fl\u0131yor ya\u015fad\u0131klar\u0131n\u0131\u2026 4 k\u0131z\u0131 ve yaral\u0131 e\u015fiyle birlikte beldeden sa\u011f salim \u00e7\u0131kt\u0131klar\u0131 i\u00e7in \u00e7ok mutlu\u2026 beldedeki ter\u00f6r ablukas\u0131n\u0131n biran \u00f6nce sona ermesi ve evine-topraklar\u0131na yeniden kavu\u015fma umudunu dile getiriyor.<\/p>\n<p>Bilinece\u011fi \u00fczere \u0130dlib kentinin yakla\u015f\u0131k 10 km kuzeyinde yer alan Kefraya ve Fua beldeleri yakla\u015f\u0131k iki y\u0131l \u00f6nce T\u00fcrkiye\u2019deki Erdo\u011fan rejimine ba\u011fl\u0131 silahl\u0131 ter\u00f6r gruplar\u0131 taraf\u0131ndan ku\u015fat\u0131lm\u0131\u015ft\u0131. \u0130ki y\u0131l\u0131 a\u015fk\u0131n bir s\u00fcredir Kefraya ve Fua beldeleri sakinleri ter\u00f6ristlerin d\u00fczenledikleri havan ve roket sald\u0131r\u0131l\u0131n\u0131n yan\u0131 s\u0131ra a\u00e7l\u0131k, yokluk ve y\u0131k\u0131ma kar\u015f\u0131 b\u00fcy\u00fck bir azimle direnmeyi s\u00fcrd\u00fcr\u00fcyorlar.<\/p>\n<div id='gallery-1' class='gallery galleryid-56651 gallery-columns-3 gallery-size-thumbnail'><figure class='gallery-item'>\n\t\t\t<div class='gallery-icon landscape'>\n\t\t\t\t<a href='https:\/\/archive.sana.sy\/tr\/wp-content\/uploads\/2015\/12\/1-42.jpg'><img loading=\"lazy\" decoding=\"async\" width=\"150\" height=\"75\" src=\"https:\/\/archive.sana.sy\/tr\/wp-content\/uploads\/2015\/12\/1-42-150x75.jpg\" class=\"attachment-thumbnail size-thumbnail\" alt=\"\" srcset=\"https:\/\/archive.sana.sy\/tr\/wp-content\/uploads\/2015\/12\/1-42-150x75.jpg 150w, https:\/\/archive.sana.sy\/tr\/wp-content\/uploads\/2015\/12\/1-42-300x150.jpg 300w, https:\/\/archive.sana.sy\/tr\/wp-content\/uploads\/2015\/12\/1-42.jpg 660w\" sizes=\"auto, (max-width: 150px) 100vw, 150px\" \/><\/a>\n\t\t\t<\/div><\/figure><figure class='gallery-item'>\n\t\t\t<div class='gallery-icon landscape'>\n\t\t\t\t<a href='https:\/\/archive.sana.sy\/tr\/wp-content\/uploads\/2015\/12\/2-24.jpg'><img loading=\"lazy\" decoding=\"async\" width=\"150\" height=\"84\" src=\"https:\/\/archive.sana.sy\/tr\/wp-content\/uploads\/2015\/12\/2-24-150x84.jpg\" class=\"attachment-thumbnail size-thumbnail\" alt=\"\" srcset=\"https:\/\/archive.sana.sy\/tr\/wp-content\/uploads\/2015\/12\/2-24-150x84.jpg 150w, https:\/\/archive.sana.sy\/tr\/wp-content\/uploads\/2015\/12\/2-24-300x168.jpg 300w, https:\/\/archive.sana.sy\/tr\/wp-content\/uploads\/2015\/12\/2-24.jpg 660w\" sizes=\"auto, (max-width: 150px) 100vw, 150px\" \/><\/a>\n\t\t\t<\/div><\/figure><figure class='gallery-item'>\n\t\t\t<div class='gallery-icon landscape'>\n\t\t\t\t<a href='https:\/\/archive.sana.sy\/tr\/wp-content\/uploads\/2015\/12\/3-21.jpg'><img loading=\"lazy\" decoding=\"async\" width=\"150\" height=\"84\" src=\"https:\/\/archive.sana.sy\/tr\/wp-content\/uploads\/2015\/12\/3-21-150x84.jpg\" class=\"attachment-thumbnail size-thumbnail\" alt=\"\" srcset=\"https:\/\/archive.sana.sy\/tr\/wp-content\/uploads\/2015\/12\/3-21-150x84.jpg 150w, https:\/\/archive.sana.sy\/tr\/wp-content\/uploads\/2015\/12\/3-21-300x168.jpg 300w, https:\/\/archive.sana.sy\/tr\/wp-content\/uploads\/2015\/12\/3-21.jpg 660w\" sizes=\"auto, (max-width: 150px) 100vw, 150px\" \/><\/a>\n\t\t\t<\/div><\/figure><figure class='gallery-item'>\n\t\t\t<div class='gallery-icon landscape'>\n\t\t\t\t<a href='https:\/\/archive.sana.sy\/tr\/wp-content\/uploads\/2015\/12\/4-17.jpg'><img loading=\"lazy\" decoding=\"async\" width=\"150\" height=\"84\" src=\"https:\/\/archive.sana.sy\/tr\/wp-content\/uploads\/2015\/12\/4-17-150x84.jpg\" class=\"attachment-thumbnail size-thumbnail\" alt=\"\" srcset=\"https:\/\/archive.sana.sy\/tr\/wp-content\/uploads\/2015\/12\/4-17-150x84.jpg 150w, https:\/\/archive.sana.sy\/tr\/wp-content\/uploads\/2015\/12\/4-17-300x168.jpg 300w, https:\/\/archive.sana.sy\/tr\/wp-content\/uploads\/2015\/12\/4-17.jpg 660w\" sizes=\"auto, (max-width: 150px) 100vw, 150px\" \/><\/a>\n\t\t\t<\/div><\/figure><figure class='gallery-item'>\n\t\t\t<div class='gallery-icon landscape'>\n\t\t\t\t<a href='https:\/\/archive.sana.sy\/tr\/wp-content\/uploads\/2015\/12\/5-16.jpg'><img loading=\"lazy\" decoding=\"async\" width=\"150\" height=\"84\" src=\"https:\/\/archive.sana.sy\/tr\/wp-content\/uploads\/2015\/12\/5-16-150x84.jpg\" class=\"attachment-thumbnail size-thumbnail\" alt=\"\" srcset=\"https:\/\/archive.sana.sy\/tr\/wp-content\/uploads\/2015\/12\/5-16-150x84.jpg 150w, https:\/\/archive.sana.sy\/tr\/wp-content\/uploads\/2015\/12\/5-16-300x168.jpg 300w, https:\/\/archive.sana.sy\/tr\/wp-content\/uploads\/2015\/12\/5-16.jpg 660w\" sizes=\"auto, (max-width: 150px) 100vw, 150px\" \/><\/a>\n\t\t\t<\/div><\/figure><figure class='gallery-item'>\n\t\t\t<div class='gallery-icon landscape'>\n\t\t\t\t<a href='https:\/\/archive.sana.sy\/tr\/wp-content\/uploads\/2015\/12\/6-15.jpg'><img loading=\"lazy\" decoding=\"async\" width=\"150\" height=\"84\" src=\"https:\/\/archive.sana.sy\/tr\/wp-content\/uploads\/2015\/12\/6-15-150x84.jpg\" class=\"attachment-thumbnail size-thumbnail\" alt=\"\" srcset=\"https:\/\/archive.sana.sy\/tr\/wp-content\/uploads\/2015\/12\/6-15-150x84.jpg 150w, https:\/\/archive.sana.sy\/tr\/wp-content\/uploads\/2015\/12\/6-15-300x168.jpg 300w, https:\/\/archive.sana.sy\/tr\/wp-content\/uploads\/2015\/12\/6-15.jpg 660w\" sizes=\"auto, (max-width: 150px) 100vw, 150px\" \/><\/a>\n\t\t\t<\/div><\/figure>\n\t\t<\/div>\n\n","protected":false},"excerpt":{"rendered":"<p>\u015eAM \u2013 \u0130dlib K\u0131rsal\u0131n\u0131n Kefraya ve Fua beldeleri sakinleri beldelerini ku\u015fatm\u0131\u015f olan \u201cFetih Ordusu\u201d ter\u00f6r \u00f6rg\u00fct\u00fcn\u00fcn defalarca tekrar eden roket ve havan sald\u0131r\u0131lar\u0131na ra\u011fmen ter\u00f6re kar\u015f\u0131 direni\u015f azimlerini biran bile azaltmad\u0131lar. Kefraya ve Fua beldelerinden aralar\u0131nda \u00e7ocuk, kad\u0131n, din adam\u0131 ve \u015feyhlerin de bulundu\u011fu y\u00fczlerce yaral\u0131 vatanda\u015f uzun bir yolculuktan sonra d\u00fcn sabah saatlerinin erken &hellip;<\/p>\n","protected":false},"author":1,"featured_media":56659,"comment_status":"closed","ping_status":"closed","sticky":false,"template":"","format":"standard","meta":{"footnotes":""},"categories":[596,479,575,17988,478],"tags":[18237,18176,18307,18308,17320],"class_list":["post-56651","post","type-post","status-publish","format-standard","has-post-thumbnail","","category-fotografli-raporlar","category-haberler-yerel","category-olaylar-ve-gercekler","category-son-haberler","category-yerel","tag-cihatcilar","tag-erdogan-ceteleri","tag-fua-ve-kefraya","tag-savunmasiz-insanlar","tag-tekfirciler"],"_links":{"self":[{"href":"https:\/\/archive.sana.sy\/tr\/index.php?rest_route=\/wp\/v2\/posts\/56651","targetHints":{"allow":["GET"]}}],"collection":[{"href":"https:\/\/archive.sana.sy\/tr\/index.php?rest_route=\/wp\/v2\/posts"}],"about":[{"href":"https:\/\/archive.sana.sy\/tr\/index.php?rest_route=\/wp\/v2\/types\/post"}],"author":[{"embeddable":true,"href":"https:\/\/archive.sana.sy\/tr\/index.php?rest_route=\/wp\/v2\/users\/1"}],"replies":[{"embeddable":true,"href":"https:\/\/archive.sana.sy\/tr\/index.php?rest_route=%2Fwp%2Fv2%2Fcomments&post=56651"}],"version-history":[{"count":0,"href":"https:\/\/archive.sana.sy\/tr\/index.php?rest_route=\/wp\/v2\/posts\/56651\/revisions"}],"wp:featuredmedia":[{"embeddable":true,"href":"https:\/\/archive.sana.sy\/tr\/index.php?rest_route=\/wp\/v2\/media\/56659"}],"wp:attachment":[{"href":"https:\/\/archive.sana.sy\/tr\/index.php?rest_route=%2Fwp%2Fv2%2Fmedia&parent=56651"}],"wp:term":[{"taxonomy":"category","embeddable":true,"href":"https:\/\/archive.sana.sy\/tr\/index.php?rest_route=%2Fwp%2Fv2%2Fcategories&post=56651"},{"taxonomy":"post_tag","embeddable":true,"href":"https:\/\/archive.sana.sy\/tr\/index.php?rest_route=%2Fwp%2Fv2%2Ftags&post=56651"}],"curies":[{"name":"wp","href":"https:\/\/api.w.org\/{rel}","templated":true}]}}