{"id":56662,"date":"2015-12-29T20:41:35","date_gmt":"2015-12-29T18:41:35","guid":{"rendered":"http:\/\/www.sana.sy\/tr\/?p=56662"},"modified":"2015-12-30T13:43:20","modified_gmt":"2015-12-30T11:43:20","slug":"bayram-sehit-aileleriyle-guzeldir","status":"publish","type":"post","link":"https:\/\/archive.sana.sy\/tr\/?p=56662","title":{"rendered":"Bayram \u015eehit Aileleriyle G\u00fczeldir"},"content":{"rendered":"<p>\u015eAM \u2013 Suriye Birle\u015ftirir Cemiyeti Ordu ve Silahl\u0131 Kuvvetler Genel Komutanl\u0131\u011f\u0131 ile i\u015fbirli\u011fi i\u00e7erisinde Noel Bayram\u0131 m\u00fcnasebetiyle \u201cBayram \u015eehit Aileleriyle G\u00fczeldir\u201d ba\u015fl\u0131kl\u0131 bir kampanya ba\u015flatt\u0131.<\/p>\n<p>Suriye Birle\u015ftirir Cemiyeti Y\u00f6netim Kurulu Ba\u015fkan\u0131 Rami el Halebi SANA muhabirine yapt\u0131\u011f\u0131 a\u00e7\u0131klamada kampanya kapsam\u0131nda \u015eam ve k\u0131rsal\u0131nda bulunan \u015fehit ailelerinin evlerinde ziyaret edilerek evlatlar\u0131n\u0131n onur ve kahramanl\u0131k hikayelerini dinlediklerini ve bayramlar\u0131n\u0131n kutland\u0131\u011f\u0131n\u0131 ifade etti.<\/p>\n<p>\u015eehit aileleri ile ilgilenmek ve onlara \u00f6nem vermenin vatani bir g\u00f6rev oldu\u011funa i\u015faret eden Halebi; cemiyetin \u015fehit ailelerine ula\u015fmas\u0131 i\u00e7in yard\u0131mc\u0131 olan Ordu ve Silahl\u0131 Kuvvetler Genel Komutanl\u0131\u011f\u0131 ve b\u00fct\u00fcn mensuplar\u0131na te\u015fekk\u00fcrlerini sundu.<\/p>\n<p>Bilinece\u011fi \u00fczere Suriye Birle\u015ftirir Cemiyeti, vatan sevgisi ve vatana vefa \u00e7at\u0131s\u0131 alt\u0131nda bir araya gelen vatan\u0131 hedef alan komplolara kar\u015f\u0131 kamuoyu ve bilin\u00e7 yaratmak amac\u0131yla \u00e7aba harcayan vatanda\u015flar\u0131n kurdu\u011fu bir cemiyettir.<\/p>\n","protected":false},"excerpt":{"rendered":"<p>\u015eAM \u2013 Suriye Birle\u015ftirir Cemiyeti Ordu ve Silahl\u0131 Kuvvetler Genel Komutanl\u0131\u011f\u0131 ile i\u015fbirli\u011fi i\u00e7erisinde Noel Bayram\u0131 m\u00fcnasebetiyle \u201cBayram \u015eehit Aileleriyle G\u00fczeldir\u201d ba\u015fl\u0131kl\u0131 bir kampanya ba\u015flatt\u0131. Suriye Birle\u015ftirir Cemiyeti Y\u00f6netim Kurulu Ba\u015fkan\u0131 Rami el Halebi SANA muhabirine yapt\u0131\u011f\u0131 a\u00e7\u0131klamada kampanya kapsam\u0131nda \u015eam ve k\u0131rsal\u0131nda bulunan \u015fehit ailelerinin evlerinde ziyaret edilerek evlatlar\u0131n\u0131n onur ve kahramanl\u0131k hikayelerini dinlediklerini &hellip;<\/p>\n","protected":false},"author":1,"featured_media":56665,"comment_status":"closed","ping_status":"closed","sticky":false,"template":"","format":"standard","meta":{"footnotes":""},"categories":[526,479,17988,525,478],"tags":[18309,18310],"class_list":["post-56662","post","type-post","status-publish","format-standard","has-post-thumbnail","","category-haber-ve-raporlar","category-haberler-yerel","category-son-haberler","category-toplum","category-yerel","tag-bayram-sehit-aileleriyle-guzeldir","tag-sehitler"],"_links":{"self":[{"href":"https:\/\/archive.sana.sy\/tr\/index.php?rest_route=\/wp\/v2\/posts\/56662","targetHints":{"allow":["GET"]}}],"collection":[{"href":"https:\/\/archive.sana.sy\/tr\/index.php?rest_route=\/wp\/v2\/posts"}],"about":[{"href":"https:\/\/archive.sana.sy\/tr\/index.php?rest_route=\/wp\/v2\/types\/post"}],"author":[{"embeddable":true,"href":"https:\/\/archive.sana.sy\/tr\/index.php?rest_route=\/wp\/v2\/users\/1"}],"replies":[{"embeddable":true,"href":"https:\/\/archive.sana.sy\/tr\/index.php?rest_route=%2Fwp%2Fv2%2Fcomments&post=56662"}],"version-history":[{"count":0,"href":"https:\/\/archive.sana.sy\/tr\/index.php?rest_route=\/wp\/v2\/posts\/56662\/revisions"}],"wp:featuredmedia":[{"embeddable":true,"href":"https:\/\/archive.sana.sy\/tr\/index.php?rest_route=\/wp\/v2\/media\/56665"}],"wp:attachment":[{"href":"https:\/\/archive.sana.sy\/tr\/index.php?rest_route=%2Fwp%2Fv2%2Fmedia&parent=56662"}],"wp:term":[{"taxonomy":"category","embeddable":true,"href":"https:\/\/archive.sana.sy\/tr\/index.php?rest_route=%2Fwp%2Fv2%2Fcategories&post=56662"},{"taxonomy":"post_tag","embeddable":true,"href":"https:\/\/archive.sana.sy\/tr\/index.php?rest_route=%2Fwp%2Fv2%2Ftags&post=56662"}],"curies":[{"name":"wp","href":"https:\/\/api.w.org\/{rel}","templated":true}]}}