{"id":56664,"date":"2015-12-30T14:26:48","date_gmt":"2015-12-30T12:26:48","guid":{"rendered":"http:\/\/www.sana.sy\/tr\/?p=56664"},"modified":"2015-12-30T14:22:56","modified_gmt":"2015-12-30T12:22:56","slug":"rusya-savunma-bakanligi-rus-hava-guclerinin-suriyede-cokuluslu-terore-karsi-operasyonlari-kapsaminda-son-iki-gun-icinde-420den-fazla-hedefi-imha-ettiklerini-belirtti","status":"publish","type":"post","link":"https:\/\/archive.sana.sy\/tr\/?p=56664","title":{"rendered":"Rusya Savunma Bakanl\u0131\u011f\u0131 Rus hava g\u00fc\u00e7lerinin Suriye&#8217;de \u00e7okuluslu ter\u00f6re kar\u015f\u0131 operasyonlar\u0131 kapsam\u0131nda son iki g\u00fcn i\u00e7inde 420\u2019den fazla hedefi imha ettiklerini belirtti"},"content":{"rendered":"<p>Rusya Savunma Bakanl\u0131\u011f\u0131 Rus hava g\u00fc\u00e7lerinin Suriye&#8217;de \u00e7okuluslu ter\u00f6re kar\u015f\u0131 operasyonlar\u0131 kapsam\u0131nda son iki g\u00fcn i\u00e7inde 420\u2019den fazla hedefi imha ettiklerini belirtti<\/p>\n","protected":false},"excerpt":{"rendered":"<p>Rusya Savunma Bakanl\u0131\u011f\u0131 Rus hava g\u00fc\u00e7lerinin Suriye&#8217;de \u00e7okuluslu ter\u00f6re kar\u015f\u0131 operasyonlar\u0131 kapsam\u0131nda son iki g\u00fcn i\u00e7inde 420\u2019den fazla hedefi imha ettiklerini belirtti<\/p>\n","protected":false},"author":1,"featured_media":0,"comment_status":"closed","ping_status":"closed","sticky":false,"template":"","format":"standard","meta":{"footnotes":""},"categories":[17991],"tags":[],"class_list":["post-56664","post","type-post","status-publish","format-standard","","category-son-dakika"],"_links":{"self":[{"href":"https:\/\/archive.sana.sy\/tr\/index.php?rest_route=\/wp\/v2\/posts\/56664","targetHints":{"allow":["GET"]}}],"collection":[{"href":"https:\/\/archive.sana.sy\/tr\/index.php?rest_route=\/wp\/v2\/posts"}],"about":[{"href":"https:\/\/archive.sana.sy\/tr\/index.php?rest_route=\/wp\/v2\/types\/post"}],"author":[{"embeddable":true,"href":"https:\/\/archive.sana.sy\/tr\/index.php?rest_route=\/wp\/v2\/users\/1"}],"replies":[{"embeddable":true,"href":"https:\/\/archive.sana.sy\/tr\/index.php?rest_route=%2Fwp%2Fv2%2Fcomments&post=56664"}],"version-history":[{"count":0,"href":"https:\/\/archive.sana.sy\/tr\/index.php?rest_route=\/wp\/v2\/posts\/56664\/revisions"}],"wp:attachment":[{"href":"https:\/\/archive.sana.sy\/tr\/index.php?rest_route=%2Fwp%2Fv2%2Fmedia&parent=56664"}],"wp:term":[{"taxonomy":"category","embeddable":true,"href":"https:\/\/archive.sana.sy\/tr\/index.php?rest_route=%2Fwp%2Fv2%2Fcategories&post=56664"},{"taxonomy":"post_tag","embeddable":true,"href":"https:\/\/archive.sana.sy\/tr\/index.php?rest_route=%2Fwp%2Fv2%2Ftags&post=56664"}],"curies":[{"name":"wp","href":"https:\/\/api.w.org\/{rel}","templated":true}]}}