{"id":56684,"date":"2015-12-30T11:13:14","date_gmt":"2015-12-30T09:13:14","guid":{"rendered":"http:\/\/www.sana.sy\/tr\/?p=56684"},"modified":"2015-12-31T13:39:04","modified_gmt":"2015-12-31T11:39:04","slug":"suc-edatlariyla-birlikte-agir-kayiplari-devam-ediyor-5","status":"publish","type":"post","link":"https:\/\/archive.sana.sy\/tr\/?p=56684","title":{"rendered":"Su\u00e7 Edatlar\u0131yla Birlikte A\u011f\u0131r Kay\u0131plar\u0131 Devam Ediyor"},"content":{"rendered":"<p>\u0130LLER \u2013 D\u0131\u015f g\u00fc\u00e7ler ve istihbarat birimlerinin patronajl\u0131\u011f\u0131nda Suriye&#8217;de ter\u00f6r estiren kiral\u0131k ve tekfirci \u00e7etelere kar\u015f\u0131 ba\u015far\u0131l\u0131 operasyonlar\u0131n\u0131 s\u00fcrd\u00fcren ordu birliklerimiz bug\u00fcn bu \u00e7eteleri bir\u00e7ok b\u00f6lgede a\u011f\u0131r kay\u0131plara u\u011fratmaya devam etti.<\/p>\n<p><span style=\"color: #0000ff\">HAMA:<\/span><\/p>\n<p>SANA muhabirine a\u00e7\u0131klama yapan askeri kaynak; hava g\u00fc\u00e7lerimizin Hama k\u0131rsal\u0131n\u0131n do\u011fusu Cana el Elbavi, Cub el Rayyan ve Suen k\u00f6ylerinde I\u015e\u0130D ter\u00f6r \u00f6rg\u00fct\u00fcn toplanma yerleri ve mevkilerini yo\u011fun ate\u015fe tutmalar\u0131yla \u00e7ok say\u0131da ter\u00f6risti \u00f6l\u00fc ve yaral\u0131 d\u00fc\u015f\u00fcr\u00fcp havzalar\u0131nda bulunan silah ve m\u00fchimmatlar\u0131n\u0131 imha ettiklerini beyan etti.<\/p>\n<p><span style=\"color: #0000ff\">HOMS:<\/span><\/p>\n<p>Hava g\u00fc\u00e7lerimizin Homs Kentinin yakla\u015f\u0131k 73 km do\u011fusuna d\u00fc\u015fen Cub el Cerrah Nahiyesine tabi Ebu Creys ve Unk el Hava k\u00f6ylerinde I\u015e\u0130D\u2019in siper ve karargahlar\u0131n\u0131 hedef ald\u0131klar\u0131n\u0131 belirten askeri kaynak; radikal ter\u00f6ristlerin saflar\u0131nda a\u011f\u0131r kay\u0131plara yol a\u00e7t\u0131klar\u0131n\u0131 s\u00f6zlerine ekledi.<\/p>\n<p>Kaynak; Homs k\u0131rsal\u0131n\u0131n g\u00fcneydo\u011fusu Karyeteyn \u2013 Havvarin yolu \u00fczerinde de I\u015e\u0130D\u2019in hareket eksenlerine y\u00f6nelik hava operasyonlar\u0131 ger\u00e7ekle\u015ftiren hava g\u00fc\u00e7lerimizin; bir k\u0131sm\u0131 a\u011f\u0131r makineli silahlarla donat\u0131lm\u0131\u015f ara\u00e7lar\u0131n\u0131 y\u00fckleriyle birlikte tahrip ettiklerine dikkat \u00e7ekti.<\/p>\n<p>Ak\u015fam saatlerinde a\u00e7\u0131klama yapan bir kaynak; ordu birliklerimizin Homs k\u0131rsal\u0131n\u0131n do\u011fusu Mahse\u2019nin g\u00fcneybat\u0131s\u0131na d\u00fc\u015fen Bat\u0131 ve Do\u011fu Ravabi el Tahin b\u00f6lgelerini radikal ter\u00f6ristlerden temizleyip kontrollerine ge\u00e7irerek Karyeteyn Kentine do\u011fru I\u015e\u0130D\u2019in en \u00f6nemli destek hatlar\u0131n\u0131 kestiklerini belirtti.<\/p>\n<p><span style=\"color: #0000ff\">S\u00dcVEYDA:<\/span><\/p>\n<p>Bu arada S\u00fcveyda Kentinin yakla\u015f\u0131k 34 km g\u00fcneydo\u011fusuna d\u00fc\u015fen \u015ea\u011faf K\u00f6y\u00fcn\u00fcn do\u011fusunda ordu birliklerimiz, I\u015e\u0130D\u2019in hareket eksenlerini hedef almalar\u0131 sonucunda ter\u00f6rist ve cephane ta\u015f\u0131yan ara\u00e7 ve tankerlerini tamam\u0131yla yok etti.<\/p>\n<p><span style=\"color: #0000ff\">DEYREZZOR:<\/span><\/p>\n<p>\u00d6te yandan askeri kaynak; hava g\u00fc\u00e7lerimizin Deyrezzor k\u0131rsal\u0131n\u0131n g\u00fcneydo\u011fusu Cafra K\u00f6y\u00fcnde I\u015e\u0130D\u2019in siper, ara\u00e7 ve toplanma merkezlerini imha etmelerine e\u015f zamanl\u0131 olarak Mureyiye K\u00f6y\u00fcnde I\u015e\u0130D\u2019ten bir\u00e7ok ter\u00f6risti su\u00e7 edatlar\u0131yla birlikte etkisizle\u015ftirdi.<\/p>\n<p><span style=\"color: #0000ff\">DERA:<\/span><\/p>\n<p>SANA\u2019ya a\u00e7\u0131klama yapan askeri kaynak ordu birliklerimizin Dera k\u0131rsal\u0131 \u015eeyh Meskin ekseninde \u0130srail \u00e7eteleri tekfirci ter\u00f6ristleri bertaraf etme ve \u00f6nemli ilerlemeler kaydetmeye devam ettiklerini belirtirken, kent i\u00e7inde bir\u00e7ok eksende ilerlediklerini, bulvar ve askeri konutlar b\u00f6lgelerine kadar ula\u015ft\u0131klar\u0131n\u0131 aktard\u0131.<\/p>\n<p>Kaynak ordu birliklerimize tabi bomba imha ekiplerinin, ter\u00f6r \u00e7etelerinin \u015eeyh Meskin Kentinin kuzey ve do\u011fu b\u00f6lgelerine yerle\u015ftirdikleri bomba d\u00fczeneklerini etkisizle\u015ftirdiklerini aktard\u0131. Tekfircilerin \u015eeyh Meskin Kentinde ald\u0131klar\u0131 a\u011f\u0131r darbeler ve verdikleri a\u011f\u0131r kay\u0131plar\u0131 ard\u0131ndan operasyon karargah\u0131n\u0131 \u015eeyh Meskin\u2019den Neva Kentine ta\u015f\u0131d\u0131klar\u0131n\u0131 ifade eden kaynak; ayn\u0131 zamanda \u015eeyh Meskin Kentinden toplu \u015fekilde ka\u00e7\u0131\u015ft\u0131klar\u0131n\u0131 belirtti.<\/p>\n<p>Bu arada saha kaynaklar\u0131; ordu birliklerimizin \u015eeyh Meskin Kentinin bulvar\u0131 civar\u0131nda ter\u00f6ristlerin bir karargah\u0131na nitelikli operasyon d\u00fczenlediklerini, operaysonda 7 ter\u00f6risti \u00f6ld\u00fcr\u00fcp bir havan rampas\u0131n\u0131n da imha edildi\u011fini s\u00f6yledi. Kaynaklar buna e\u015f zamanl\u0131 olarak Ibta \u2013 \u015eeyh Meskin yolunda 8 ter\u00f6ristle birlikte cephane ta\u015f\u0131yan 2 arac\u0131n tamam\u0131yla imha edildiklerini s\u00f6yledi.<\/p>\n<p>Ordu birliklerimizin Dera k\u0131rsal\u0131 Ibta \u2013 Dael otoyolu \u00fczerinde de tekfirci ter\u00f6r \u00e7etelere ait olan ve bir k\u0131sm\u0131 a\u011f\u0131r silahlarla donat\u0131lm\u0131\u015f 12 arac\u0131 ta\u015f\u0131d\u0131klar\u0131 ter\u00f6rist ve cephaneyle birlikte imha ettiklerini s\u00f6yleyen kaynaklar; Busra el \u015eam Kentinde Nusra Cephesine ait a\u011f\u0131r makineli silahla donat\u0131lm\u0131\u015f bir arac\u0131 da yok ettiklerini aktard\u0131.<\/p>\n<p>Ordu birliklerimizin Dera k\u0131rsal\u0131 Hrak Beldesinde savunmas\u0131z sivil insanlar\u0131 ve askeri mevkileri hedef alan bir ter\u00f6r grubunu kulland\u0131\u011f\u0131 f\u00fcze bataryas\u0131yla birlikte tamamen etkisiz hale getirdiklerini belirten kaynaklar; \u015eeyh H\u00fcseyin Tepesinin do\u011fusunda ter\u00f6ristlerin toplanma yerlerini imha ettiklerine dikkat \u00e7ekti.<\/p>\n<p>Dera Beled\u2019in muhtelif b\u00f6lgelerinde de ordu birliklerimiz \u0130srail\u2019den destek alan Nusra Cephesi ve di\u011fer ter\u00f6r \u00f6rg\u00fctlere tabi mevki ve karargahlar\u0131n\u0131 yo\u011fun ate\u015fe tutmalar\u0131yla \u00e7ok say\u0131da ter\u00f6risti \u00f6l\u00fc ve yaral\u0131 d\u00fc\u015f\u00fcr\u00fcp silah ve m\u00fchimmatlar\u0131n\u0131 imha etti.<\/p>\n<p><span style=\"color: #0000ff\">\u0130DL\u0130B:<\/span><\/p>\n<p>Di\u011fer yandan askeri kaynak; \u0130dlib k\u0131rsal\u0131n\u0131n g\u00fcneyinde Hama il idari s\u0131n\u0131rlar\u0131na yak\u0131n d\u00fc\u015fen el Habit ve el Nakir k\u00f6ylerinde katil Erdo\u011fan rejimine ba\u011fl\u0131 Nusra Cephesi ve di\u011fer ter\u00f6r \u00f6rg\u00fctlere kar\u015f\u0131 ba\u015far\u0131l\u0131 operasyonlar ger\u00e7ekle\u015ftiren ordu birliklerimizin; bir k\u0131sm\u0131 z\u0131rhl\u0131 bir k\u0131sm\u0131 da a\u011f\u0131r makineli silahlarla donat\u0131lm\u0131\u015f ara\u00e7lar\u0131n\u0131 imha ettiklerini s\u00f6yledi.<\/p>\n<p>\u0130dlib k\u0131rsal\u0131 Hamidiye K\u00f6y\u00fcnde de ordu birliklerimizin \u2018Ahrar el \u015eam \u0130slami Hareketi\u2019ne tabi bir komuta karargah\u0131n\u0131 muhtevalar\u0131yla birlikte tahrip ettiklerini s\u00f6yleyen kaynak; il k\u0131rsal\u0131n\u0131n g\u00fcneyi Han el S\u00fcb\u00fcl B\u00f6lgesinde \u2018Nusra Cephesi\u2019nin emiri H\u00fcseyin el Esvad adl\u0131 bariz bir ter\u00f6r eleba\u015f\u0131n\u0131n yan\u0131 s\u0131ra 13 ter\u00f6risti de \u00f6ld\u00fcrd\u00fcklerini ifade etti.<\/p>\n<p>M.M.<\/p>\n","protected":false},"excerpt":{"rendered":"<p>\u0130LLER \u2013 D\u0131\u015f g\u00fc\u00e7ler ve istihbarat birimlerinin patronajl\u0131\u011f\u0131nda Suriye&#8217;de ter\u00f6r estiren kiral\u0131k ve tekfirci \u00e7etelere kar\u015f\u0131 ba\u015far\u0131l\u0131 operasyonlar\u0131n\u0131 s\u00fcrd\u00fcren ordu birliklerimiz bug\u00fcn bu \u00e7eteleri bir\u00e7ok b\u00f6lgede a\u011f\u0131r kay\u0131plara u\u011fratmaya devam etti. HAMA: SANA muhabirine a\u00e7\u0131klama yapan askeri kaynak; hava g\u00fc\u00e7lerimizin Hama k\u0131rsal\u0131n\u0131n do\u011fusu Cana el Elbavi, Cub el Rayyan ve Suen k\u00f6ylerinde I\u015e\u0130D ter\u00f6r \u00f6rg\u00fct\u00fcn &hellip;<\/p>\n","protected":false},"author":1,"featured_media":56685,"comment_status":"closed","ping_status":"closed","sticky":false,"template":"","format":"standard","meta":{"footnotes":""},"categories":[575,17988],"tags":[13233],"class_list":["post-56684","post","type-post","status-publish","format-standard","has-post-thumbnail","","category-olaylar-ve-gercekler","category-son-haberler","tag-suc-edatlariyla-birlikte-agir-kayiplari-devam-ediyor"],"_links":{"self":[{"href":"https:\/\/archive.sana.sy\/tr\/index.php?rest_route=\/wp\/v2\/posts\/56684","targetHints":{"allow":["GET"]}}],"collection":[{"href":"https:\/\/archive.sana.sy\/tr\/index.php?rest_route=\/wp\/v2\/posts"}],"about":[{"href":"https:\/\/archive.sana.sy\/tr\/index.php?rest_route=\/wp\/v2\/types\/post"}],"author":[{"embeddable":true,"href":"https:\/\/archive.sana.sy\/tr\/index.php?rest_route=\/wp\/v2\/users\/1"}],"replies":[{"embeddable":true,"href":"https:\/\/archive.sana.sy\/tr\/index.php?rest_route=%2Fwp%2Fv2%2Fcomments&post=56684"}],"version-history":[{"count":0,"href":"https:\/\/archive.sana.sy\/tr\/index.php?rest_route=\/wp\/v2\/posts\/56684\/revisions"}],"wp:featuredmedia":[{"embeddable":true,"href":"https:\/\/archive.sana.sy\/tr\/index.php?rest_route=\/wp\/v2\/media\/56685"}],"wp:attachment":[{"href":"https:\/\/archive.sana.sy\/tr\/index.php?rest_route=%2Fwp%2Fv2%2Fmedia&parent=56684"}],"wp:term":[{"taxonomy":"category","embeddable":true,"href":"https:\/\/archive.sana.sy\/tr\/index.php?rest_route=%2Fwp%2Fv2%2Fcategories&post=56684"},{"taxonomy":"post_tag","embeddable":true,"href":"https:\/\/archive.sana.sy\/tr\/index.php?rest_route=%2Fwp%2Fv2%2Ftags&post=56684"}],"curies":[{"name":"wp","href":"https:\/\/api.w.org\/{rel}","templated":true}]}}