{"id":56688,"date":"2015-12-30T10:10:37","date_gmt":"2015-12-30T08:10:37","guid":{"rendered":"http:\/\/www.sana.sy\/tr\/?p=56688"},"modified":"2015-12-30T16:48:02","modified_gmt":"2015-12-30T14:48:02","slug":"suveydada-noel-agaci-800-sehit-fotografiyla-suslendi","status":"publish","type":"post","link":"https:\/\/archive.sana.sy\/tr\/?p=56688","title":{"rendered":"S\u00fcveyda\u2019da Noel A\u011fac\u0131 800 \u015fehit foto\u011fraf\u0131yla s\u00fcslendi"},"content":{"rendered":"<p>S\u00fcveyda\u2019da Noel A\u011fac\u0131 800 \u015fehit foto\u011fraf\u0131yla s\u00fcslendi<\/p>\n","protected":false},"excerpt":{"rendered":"<p>S\u00fcveyda\u2019da Noel A\u011fac\u0131 800 \u015fehit foto\u011fraf\u0131yla s\u00fcslendi<\/p>\n","protected":false},"author":1,"featured_media":56691,"comment_status":"closed","ping_status":"closed","sticky":false,"template":"","format":"standard","meta":{"footnotes":""},"categories":[573],"tags":[18314],"class_list":["post-56688","post","type-post","status-publish","format-standard","has-post-thumbnail","","category-goruntulu-olaylar","tag-suveydada-noel-agaci-800-sehit-fotografiyla-suslendi"],"_links":{"self":[{"href":"https:\/\/archive.sana.sy\/tr\/index.php?rest_route=\/wp\/v2\/posts\/56688","targetHints":{"allow":["GET"]}}],"collection":[{"href":"https:\/\/archive.sana.sy\/tr\/index.php?rest_route=\/wp\/v2\/posts"}],"about":[{"href":"https:\/\/archive.sana.sy\/tr\/index.php?rest_route=\/wp\/v2\/types\/post"}],"author":[{"embeddable":true,"href":"https:\/\/archive.sana.sy\/tr\/index.php?rest_route=\/wp\/v2\/users\/1"}],"replies":[{"embeddable":true,"href":"https:\/\/archive.sana.sy\/tr\/index.php?rest_route=%2Fwp%2Fv2%2Fcomments&post=56688"}],"version-history":[{"count":0,"href":"https:\/\/archive.sana.sy\/tr\/index.php?rest_route=\/wp\/v2\/posts\/56688\/revisions"}],"wp:featuredmedia":[{"embeddable":true,"href":"https:\/\/archive.sana.sy\/tr\/index.php?rest_route=\/wp\/v2\/media\/56691"}],"wp:attachment":[{"href":"https:\/\/archive.sana.sy\/tr\/index.php?rest_route=%2Fwp%2Fv2%2Fmedia&parent=56688"}],"wp:term":[{"taxonomy":"category","embeddable":true,"href":"https:\/\/archive.sana.sy\/tr\/index.php?rest_route=%2Fwp%2Fv2%2Fcategories&post=56688"},{"taxonomy":"post_tag","embeddable":true,"href":"https:\/\/archive.sana.sy\/tr\/index.php?rest_route=%2Fwp%2Fv2%2Ftags&post=56688"}],"curies":[{"name":"wp","href":"https:\/\/api.w.org\/{rel}","templated":true}]}}