{"id":56699,"date":"2015-12-30T16:56:39","date_gmt":"2015-12-30T14:56:39","guid":{"rendered":"http:\/\/www.sana.sy\/tr\/?p=56699"},"modified":"2016-01-02T12:06:01","modified_gmt":"2016-01-02T10:06:01","slug":"gelisiguzel-fuze-saldirilarinda-yine-sehitler-var","status":"publish","type":"post","link":"https:\/\/archive.sana.sy\/tr\/?p=56699","title":{"rendered":"Geli\u015fig\u00fczel F\u00fcze Sald\u0131r\u0131lar\u0131nda Yine \u015eehitler Var"},"content":{"rendered":"<p>\u015eAM ve KIRSALI \u2013 \u015eam Emniyet M\u00fcd\u00fcrl\u00fc\u011f\u00fcnde bir kaynak d\u0131\u015f g\u00fc\u00e7lerin \u2018\u0131l\u0131ml\u0131 muhalifler\u2019 ad\u0131 alt\u0131nda destekledikleri \u00e7okuluslu tekfirci ter\u00f6ristlerin Ba\u015fkent \u015eam ve k\u0131rsal\u0131n\u0131n muhtelif sivil yerle\u015fim b\u00f6lgelerine geli\u015fig\u00fczel f\u00fcze sald\u0131r\u0131lar\u0131yla sald\u0131r\u0131lar\u0131n\u0131 s\u00fcrd\u00fcrd\u00fcklerini belirtti.<\/p>\n<p>Emniyet kayna\u011f\u0131 Do\u011fu \u011euta\u2019da siperlenen \u2018\u0130slam Ordusu\u2019 tekfircilerinin Haresta Banliy\u00f6s\u00fcn\u00fc hedef alan f\u00fczelerinde 2 vatanda\u015f\u0131n \u015fehit, 2 vatanda\u015f\u0131n da yaral\u0131 d\u00fc\u015ft\u00fcklerini aktard\u0131.<\/p>\n<p>Kaynak \u015eam\u2019\u0131n Mezze Cebel 86 b\u00f6lgesinin yan\u0131 s\u0131ra Abbasiler Semtine d\u00fc\u015fen f\u00fczeler sonucunda sadece maddi hasar\u0131n olu\u015ftu\u011funu ifade etti.<\/p>\n","protected":false},"excerpt":{"rendered":"<p>\u015eAM ve KIRSALI \u2013 \u015eam Emniyet M\u00fcd\u00fcrl\u00fc\u011f\u00fcnde bir kaynak d\u0131\u015f g\u00fc\u00e7lerin \u2018\u0131l\u0131ml\u0131 muhalifler\u2019 ad\u0131 alt\u0131nda destekledikleri \u00e7okuluslu tekfirci ter\u00f6ristlerin Ba\u015fkent \u015eam ve k\u0131rsal\u0131n\u0131n muhtelif sivil yerle\u015fim b\u00f6lgelerine geli\u015fig\u00fczel f\u00fcze sald\u0131r\u0131lar\u0131yla sald\u0131r\u0131lar\u0131n\u0131 s\u00fcrd\u00fcrd\u00fcklerini belirtti. Emniyet kayna\u011f\u0131 Do\u011fu \u011euta\u2019da siperlenen \u2018\u0130slam Ordusu\u2019 tekfircilerinin Haresta Banliy\u00f6s\u00fcn\u00fc hedef alan f\u00fczelerinde 2 vatanda\u015f\u0131n \u015fehit, 2 vatanda\u015f\u0131n da yaral\u0131 d\u00fc\u015ft\u00fcklerini aktard\u0131. &hellip;<\/p>\n","protected":false},"author":1,"featured_media":56700,"comment_status":"closed","ping_status":"closed","sticky":false,"template":"","format":"standard","meta":{"footnotes":""},"categories":[575,17988],"tags":[18317],"class_list":["post-56699","post","type-post","status-publish","format-standard","has-post-thumbnail","","category-olaylar-ve-gercekler","category-son-haberler","tag-gelisiguzel-fuze-saldirilarinda-yine-sehitler-var"],"_links":{"self":[{"href":"https:\/\/archive.sana.sy\/tr\/index.php?rest_route=\/wp\/v2\/posts\/56699","targetHints":{"allow":["GET"]}}],"collection":[{"href":"https:\/\/archive.sana.sy\/tr\/index.php?rest_route=\/wp\/v2\/posts"}],"about":[{"href":"https:\/\/archive.sana.sy\/tr\/index.php?rest_route=\/wp\/v2\/types\/post"}],"author":[{"embeddable":true,"href":"https:\/\/archive.sana.sy\/tr\/index.php?rest_route=\/wp\/v2\/users\/1"}],"replies":[{"embeddable":true,"href":"https:\/\/archive.sana.sy\/tr\/index.php?rest_route=%2Fwp%2Fv2%2Fcomments&post=56699"}],"version-history":[{"count":0,"href":"https:\/\/archive.sana.sy\/tr\/index.php?rest_route=\/wp\/v2\/posts\/56699\/revisions"}],"wp:featuredmedia":[{"embeddable":true,"href":"https:\/\/archive.sana.sy\/tr\/index.php?rest_route=\/wp\/v2\/media\/56700"}],"wp:attachment":[{"href":"https:\/\/archive.sana.sy\/tr\/index.php?rest_route=%2Fwp%2Fv2%2Fmedia&parent=56699"}],"wp:term":[{"taxonomy":"category","embeddable":true,"href":"https:\/\/archive.sana.sy\/tr\/index.php?rest_route=%2Fwp%2Fv2%2Fcategories&post=56699"},{"taxonomy":"post_tag","embeddable":true,"href":"https:\/\/archive.sana.sy\/tr\/index.php?rest_route=%2Fwp%2Fv2%2Ftags&post=56699"}],"curies":[{"name":"wp","href":"https:\/\/api.w.org\/{rel}","templated":true}]}}