{"id":56714,"date":"2015-12-31T10:56:42","date_gmt":"2015-12-31T08:56:42","guid":{"rendered":"http:\/\/www.sana.sy\/tr\/?p=56714"},"modified":"2016-01-02T12:07:32","modified_gmt":"2016-01-02T10:07:32","slug":"kamislida-iki-bombali-teror-eylemi","status":"publish","type":"post","link":"https:\/\/archive.sana.sy\/tr\/?p=56714","title":{"rendered":"Kam\u0131\u015fl\u0131 Patlamalar\u0131nda \u015eehit Bilan\u00e7osu Y\u00fckseldi"},"content":{"rendered":"<p>HASEKE \u2013 Art\u0131k herkes taraf\u0131ndan bilinen belli ba\u015fl\u0131 tekfirci ter\u00f6ristlerin d\u00fcn Haseke iline tabi Kam\u0131\u015fl\u0131 Kentinde ger\u00e7ekle\u015ftirdikleri iki bombal\u0131 eyleminde \u015fehit d\u00fc\u015fen vatanda\u015flar\u0131n say\u0131s\u0131 16\u2019ya y\u00fckselirken, yaral\u0131 say\u0131s\u0131n\u0131n da 35 oldu\u011fu belirtildi.<\/p>\n<p>Haseke Valili\u011finde bir kaynak SANA\u2019ya yapt\u0131\u011f\u0131 a\u00e7\u0131klamada; tekfirci \u00e7etelerin Kam\u0131\u015fl\u0131 Kentinin ortalar\u0131na d\u00fc\u015fen \u015eeyyahi Semtinin Meyami ve Cebrail restoranlar\u0131nda ayr\u0131 ayr\u0131 iki bomba d\u00fczene\u011fi ile ger\u00e7ekle\u015ftirdikleri bombal\u0131 eylemde \u015fehit d\u00fc\u015fenlerin say\u0131s\u0131n\u0131n 16\u2019ya y\u00fckseldi\u011fini belirtti. Kaynak iki hain bombal\u0131 sald\u0131r\u0131da 35 ki\u015finin de yaraland\u0131\u011f\u0131n\u0131 ifade ederken, iki restoranda b\u00fcy\u00fck maddi hasar\u0131n oldu\u011funu a\u00e7\u0131klad\u0131.<\/p>\n<p>Kaynak d\u00fcn iki sald\u0131r\u0131da ilk verilere g\u00f6re 5 ki\u015finin \u015fehit, 13 ki\u015finin de yaral\u0131 d\u00fc\u015ft\u00fcklerini ifade etmi\u015fti.<\/p>\n<p>Bu arada medya ve istihbarat raporlar\u0131nda T\u00fcrkiye rejiminin deste\u011finin kan\u0131tland\u0131\u011f\u0131 I\u015e\u0130D \u00e7eteleri Haseke ili genelinde masum ve savunmas\u0131z sivil vatanda\u015flar\u0131 s\u00fcrekli olarak bu gibi gaddar bombal\u0131 eylemleriyle hedef al\u0131yor.<\/p>\n<p>Di\u011fer yandan Ba\u015fbakanl\u0131k yay\u0131nlad\u0131\u011f\u0131 beyanda; Kam\u0131\u015fl\u0131 ahalisinin maruz kald\u0131\u011f\u0131 bombal\u0131 sald\u0131r\u0131lar\u0131 \u015fiddetle k\u0131nad\u0131\u011f\u0131n\u0131 belirterek, Suriye ordusu ve onurlu halk\u0131n vatan\u0131n her kar\u0131\u015f topra\u011f\u0131n\u0131 ter\u00f6rden kurtarma azim ve kararl\u0131l\u0131\u011f\u0131nda oldu\u011funun bir kez daha alt\u0131n\u0131 \u00e7izdi.<\/p>\n<p>R.H.<\/p>\n","protected":false},"excerpt":{"rendered":"<p>HASEKE \u2013 Art\u0131k herkes taraf\u0131ndan bilinen belli ba\u015fl\u0131 tekfirci ter\u00f6ristlerin d\u00fcn Haseke iline tabi Kam\u0131\u015fl\u0131 Kentinde ger\u00e7ekle\u015ftirdikleri iki bombal\u0131 eyleminde \u015fehit d\u00fc\u015fen vatanda\u015flar\u0131n say\u0131s\u0131 16\u2019ya y\u00fckselirken, yaral\u0131 say\u0131s\u0131n\u0131n da 35 oldu\u011fu belirtildi. Haseke Valili\u011finde bir kaynak SANA\u2019ya yapt\u0131\u011f\u0131 a\u00e7\u0131klamada; tekfirci \u00e7etelerin Kam\u0131\u015fl\u0131 Kentinin ortalar\u0131na d\u00fc\u015fen \u015eeyyahi Semtinin Meyami ve Cebrail restoranlar\u0131nda ayr\u0131 ayr\u0131 iki bomba &hellip;<\/p>\n","protected":false},"author":1,"featured_media":56715,"comment_status":"closed","ping_status":"closed","sticky":false,"template":"","format":"standard","meta":{"footnotes":""},"categories":[575,17988],"tags":[18325],"class_list":["post-56714","post","type-post","status-publish","format-standard","has-post-thumbnail","","category-olaylar-ve-gercekler","category-son-haberler","tag-kamisli-patlamalarinda-sehit-bilancosu-yukseldi"],"_links":{"self":[{"href":"https:\/\/archive.sana.sy\/tr\/index.php?rest_route=\/wp\/v2\/posts\/56714","targetHints":{"allow":["GET"]}}],"collection":[{"href":"https:\/\/archive.sana.sy\/tr\/index.php?rest_route=\/wp\/v2\/posts"}],"about":[{"href":"https:\/\/archive.sana.sy\/tr\/index.php?rest_route=\/wp\/v2\/types\/post"}],"author":[{"embeddable":true,"href":"https:\/\/archive.sana.sy\/tr\/index.php?rest_route=\/wp\/v2\/users\/1"}],"replies":[{"embeddable":true,"href":"https:\/\/archive.sana.sy\/tr\/index.php?rest_route=%2Fwp%2Fv2%2Fcomments&post=56714"}],"version-history":[{"count":0,"href":"https:\/\/archive.sana.sy\/tr\/index.php?rest_route=\/wp\/v2\/posts\/56714\/revisions"}],"wp:featuredmedia":[{"embeddable":true,"href":"https:\/\/archive.sana.sy\/tr\/index.php?rest_route=\/wp\/v2\/media\/56715"}],"wp:attachment":[{"href":"https:\/\/archive.sana.sy\/tr\/index.php?rest_route=%2Fwp%2Fv2%2Fmedia&parent=56714"}],"wp:term":[{"taxonomy":"category","embeddable":true,"href":"https:\/\/archive.sana.sy\/tr\/index.php?rest_route=%2Fwp%2Fv2%2Fcategories&post=56714"},{"taxonomy":"post_tag","embeddable":true,"href":"https:\/\/archive.sana.sy\/tr\/index.php?rest_route=%2Fwp%2Fv2%2Ftags&post=56714"}],"curies":[{"name":"wp","href":"https:\/\/api.w.org\/{rel}","templated":true}]}}