{"id":56720,"date":"2015-12-31T11:03:35","date_gmt":"2015-12-31T09:03:35","guid":{"rendered":"http:\/\/www.sana.sy\/tr\/?p=56720"},"modified":"2015-12-31T11:03:35","modified_gmt":"2015-12-31T09:03:35","slug":"sear-zafere-giden-yol-vatanseverlik-ve-direnis-iradesidir","status":"publish","type":"post","link":"https:\/\/archive.sana.sy\/tr\/?p=56720","title":{"rendered":"\u015eear: Zafere Giden Yol Vatanseverlik ve Direni\u015f \u0130radesidir"},"content":{"rendered":"<p>\u015eAM \u2013 \u0130\u00e7i\u015fleri Bakan\u0131 Muhammed el \u015eear; vatan d\u00fc\u015fmanlar\u0131na ve tekfirci karanl\u0131k g\u00fc\u00e7lere kar\u015f\u0131 zafere giden tek yolun, Suriyelilerin izledi\u011fi vatanseverlik ve direni\u015f iradesi oldu\u011funu dile getirdi.<\/p>\n<p><a href=\"http:\/\/www.sana.sy\/tr\/?attachment_id=56721\" rel=\"attachment wp-att-56721\"><img loading=\"lazy\" decoding=\"async\" class=\"size-medium wp-image-56721 alignright\" src=\"http:\/\/www.sana.sy\/tr\/wp-content\/uploads\/2015\/12\/\u015fear-1-300x168.jpg\" alt=\"\u015fear 1\" width=\"300\" height=\"168\" srcset=\"https:\/\/archive.sana.sy\/tr\/wp-content\/uploads\/2015\/12\/\u015fear-1-300x168.jpg 300w, https:\/\/archive.sana.sy\/tr\/wp-content\/uploads\/2015\/12\/\u015fear-1-150x84.jpg 150w, https:\/\/archive.sana.sy\/tr\/wp-content\/uploads\/2015\/12\/\u015fear-1.jpg 660w\" sizes=\"auto, (max-width: 300px) 100vw, 300px\" \/><\/a>Orta Dereceli Komutanlar Akademisi Mesleki E\u011fitim akademisi mezunlar\u0131 ile d\u00fcn bir araya gelen \u015eear; askeri e\u011fitimin \u00f6nemine dikkat \u00e7ekerek askeri e\u011fitimin yan\u0131nda vatanseverlik, ahlaki de\u011ferler ve vatana ba\u011fl\u0131l\u0131k bilincinin b\u00fcy\u00fck bir \u00f6nem ta\u015f\u0131d\u0131\u011f\u0131n\u0131 vurgulad\u0131.<\/p>\n<p>\u0130\u00e7 g\u00fcvenlik g\u00fc\u00e7lerinin toplumsal asayi\u015f ve devlet otoritesinin g\u00fcvencesi oldu\u011funa i\u015faret eden \u015eear; \u00f6n\u00fcm\u00fczdeki s\u00fcre\u00e7te devlet olgusunun g\u00fc\u00e7lendirilmesi ve b\u00fct\u00fcn devlet kurumlar\u0131n\u0131n ba\u011fl\u0131 unsurlar\u0131yla birlikte aktifle\u015ftirilmesinin b\u00fcy\u00fck bir \u00f6nem ta\u015f\u0131d\u0131\u011f\u0131n\u0131 belirtti.<\/p>\n<p>Kurs mezunlar\u0131na kendilerini geli\u015ftirme ve mesleklerinde disiplini uygulama \u00f6nerisinde bulunan \u015eear; g\u00f6revlerini \u00f6zveri ve titizlikle yerine getiren unsurlar\u0131n g\u00fc\u00e7l\u00fc bir devletin temelini te\u015fkil edece\u011finin alt\u0131n\u0131 \u00e7izdi.<\/p>\n<p>F.B. &#8211; R.H.<\/p>\n","protected":false},"excerpt":{"rendered":"<p>\u015eAM \u2013 \u0130\u00e7i\u015fleri Bakan\u0131 Muhammed el \u015eear; vatan d\u00fc\u015fmanlar\u0131na ve tekfirci karanl\u0131k g\u00fc\u00e7lere kar\u015f\u0131 zafere giden tek yolun, Suriyelilerin izledi\u011fi vatanseverlik ve direni\u015f iradesi oldu\u011funu dile getirdi. Orta Dereceli Komutanlar Akademisi Mesleki E\u011fitim akademisi mezunlar\u0131 ile d\u00fcn bir araya gelen \u015eear; askeri e\u011fitimin \u00f6nemine dikkat \u00e7ekerek askeri e\u011fitimin yan\u0131nda vatanseverlik, ahlaki de\u011ferler ve vatana ba\u011fl\u0131l\u0131k &hellip;<\/p>\n","protected":false},"author":1,"featured_media":56722,"comment_status":"closed","ping_status":"closed","sticky":false,"template":"","format":"standard","meta":{"footnotes":""},"categories":[479,17988,478],"tags":[18323],"class_list":["post-56720","post","type-post","status-publish","format-standard","has-post-thumbnail","","category-haberler-yerel","category-son-haberler","category-yerel","tag-sear-zafere-giden-yol-vatanseverlik-ve-direnis-iradesidir"],"_links":{"self":[{"href":"https:\/\/archive.sana.sy\/tr\/index.php?rest_route=\/wp\/v2\/posts\/56720","targetHints":{"allow":["GET"]}}],"collection":[{"href":"https:\/\/archive.sana.sy\/tr\/index.php?rest_route=\/wp\/v2\/posts"}],"about":[{"href":"https:\/\/archive.sana.sy\/tr\/index.php?rest_route=\/wp\/v2\/types\/post"}],"author":[{"embeddable":true,"href":"https:\/\/archive.sana.sy\/tr\/index.php?rest_route=\/wp\/v2\/users\/1"}],"replies":[{"embeddable":true,"href":"https:\/\/archive.sana.sy\/tr\/index.php?rest_route=%2Fwp%2Fv2%2Fcomments&post=56720"}],"version-history":[{"count":0,"href":"https:\/\/archive.sana.sy\/tr\/index.php?rest_route=\/wp\/v2\/posts\/56720\/revisions"}],"wp:featuredmedia":[{"embeddable":true,"href":"https:\/\/archive.sana.sy\/tr\/index.php?rest_route=\/wp\/v2\/media\/56722"}],"wp:attachment":[{"href":"https:\/\/archive.sana.sy\/tr\/index.php?rest_route=%2Fwp%2Fv2%2Fmedia&parent=56720"}],"wp:term":[{"taxonomy":"category","embeddable":true,"href":"https:\/\/archive.sana.sy\/tr\/index.php?rest_route=%2Fwp%2Fv2%2Fcategories&post=56720"},{"taxonomy":"post_tag","embeddable":true,"href":"https:\/\/archive.sana.sy\/tr\/index.php?rest_route=%2Fwp%2Fv2%2Ftags&post=56720"}],"curies":[{"name":"wp","href":"https:\/\/api.w.org\/{rel}","templated":true}]}}