{"id":56742,"date":"2015-12-31T13:02:01","date_gmt":"2015-12-31T11:02:01","guid":{"rendered":"http:\/\/www.sana.sy\/tr\/?p=56742"},"modified":"2015-12-31T13:02:01","modified_gmt":"2015-12-31T11:02:01","slug":"erdogan-bunu-yapma-gucune-sahip-degildir","status":"publish","type":"post","link":"https:\/\/archive.sana.sy\/tr\/?p=56742","title":{"rendered":"Erdo\u011fan Bunu Yapma G\u00fcc\u00fcne Sahip De\u011fildir"},"content":{"rendered":"<p>\u015eAM \u2013 Enformasyon bakan\u0131 Omran el Zoubi Suriye&#8217;deki krize \u00e7\u00f6z\u00fcm\u00fcn ancak ve ancak Suriyelilerin h\u00fcr iradesiyle olaca\u011f\u0131n\u0131 belirtirken, Suriye ve halk\u0131n\u0131n ya\u015fad\u0131\u011f\u0131 t\u00fcm bu ac\u0131lar\u0131n Vahhabi, ihvanc\u0131 ve Osmanl\u0131 projesinin I\u015e\u0130D ve Nusra Ccephesi gibi tekfirci ter\u00f6r \u00f6rg\u00fctlere destekleri nedeniyle oldu\u011funun alt\u0131n\u0131 \u00e7izdi.<\/p>\n<p>Suriye Televizyonu ile d\u00fcn ak\u015fam bulundu\u011fu m\u00fclakat\u0131nda Bakan Zoubi; Suriye ve onurlu halk\u0131na kar\u015f\u0131 komplo ve d\u00fc\u015fmanc\u0131 planlar haz\u0131rlayanlar, \u00e7okuluslu ve vatan haini ter\u00f6ristleri destekleyenlerin ge\u00e7mi\u015fte hedeflerine ula\u015fmad\u0131klar\u0131 gibi gelecekte de kesinlikle ula\u015famayacaklar\u0131na vurgu yapt\u0131. Zoubi Suriye&#8217;nin y\u00f6netim, ordu ve halk olarak en zor ko\u015fu\u0131llar kar\u015f\u0131s\u0131nda bile onurlu bir m\u00fccadele verip zafer kazanmas\u0131yla umudun her daim y\u00fcksek oldu\u011funu ifade etti.<\/p>\n<p>Bakan Zoubi Suriye halk\u0131n\u0131n istisnas\u0131z t\u00fcm Suriyeliler i\u00e7in vatan\u0131n toprak ve halk b\u00fct\u00fcnl\u00fc\u011f\u00fcn\u00fcn korunmas\u0131, egemen ve ba\u011f\u0131ms\u0131zl\u0131\u011f\u0131n\u0131n sars\u0131lmamas\u0131 i\u00e7in sona kadar sava\u015facaklar\u0131n\u0131 ifade etti. Suriye halk\u0131n\u0131n t\u00fcm bu s\u00fcre i\u00e7inde sergiledi\u011fi onurlu tutum ve verdi\u011fi m\u00fccadeleye \u0131\u015f\u0131k tutan Zoubi; t\u00fcm bunlar\u0131 yapan bir halk\u0131n \u00fclkesini yeniden yap\u0131land\u0131rmas\u0131n\u0131n zor olmad\u0131\u011f\u0131n\u0131 s\u00f6yledi.<\/p>\n<p>Suriye&#8217;yi devlet ve halk olarak hedef alan kimi taraflar\u0131n son anda bile her f\u0131rsat\u0131 de\u011ferlendirmeye \u00e7al\u0131\u015ft\u0131\u011f\u0131n\u0131 ve yenilgiyi kabullenmedi\u011fine dikkat \u00e7eken Zoubi; bu taraflar\u0131n ter\u00f6r \u00e7eteleri arac\u0131l\u0131\u011f\u0131 ile daha fazla katliamlarda bulunma ve daha fazla kan ak\u0131tmaya devam etti\u011fine dikkat \u00e7ekti.<\/p>\n<p>Bakan Zoubi yabanc\u0131 kimi h\u00fck\u00fcmetlerin Suriye konusunda g\u00f6sterdikleri tutum de\u011fi\u015fikli\u011finin ter\u00f6r meselesi konusunda bir k\u0131s\u0131m \u00f6zel hesaplar sonucunda oldu\u011funu ifade etti. Bu devletlerin iyi niyetlerinden ya da insanl\u0131klar\u0131ndan tutumlar\u0131n\u0131 de\u011fi\u015ftirmediklerini belirten Zoubi; T\u00fcrkiye, Katar ve Suudi Arabistan rejimlerinin de I\u015e\u0130D, Nusra Cephesi ve daha ba\u015fka ter\u00f6r \u00f6rg\u00fctlere desteklerinde ne kadar derinlere gittiklerine dikkat \u00e7ekti.<\/p>\n<p>Suriye devletinin krizin siyasi \u00e7\u00f6z\u00fcm\u00fcnde ne derecede \u00e7\u0131kar\u0131 oldu\u011funa da vurgu yapan Zoubi; bunun aksi y\u00f6n\u00fcnde yap\u0131lan a\u00e7\u0131klamalar ve yalan haberlerin kamuoyunu kand\u0131rma ve ger\u00e7ekleri \u00e7arp\u0131tma \u00e7abalar\u0131ndan ba\u015fka bir \u015fey olmad\u0131\u011f\u0131n\u0131 ifade etti. Bakan Zoubi Suriye devletinin siyasi \u00e7z\u00f6\u00fcm y\u00f6n\u00fcnde at\u0131lan her ad\u0131m\u0131 destekledi\u011fini, son s\u00fcre\u00e7 i\u00e7inde de muhalefet temsilcileriyle g\u00f6r\u00fc\u015fme ve diyaloga oturmaya haz\u0131r oldu\u011funu da ilan etti\u011fini hat\u0131rlatt\u0131.<\/p>\n<p>Bu y\u00f6ndeki \u00e7abalar\u0131n ba\u015far\u0131l\u0131 olmas\u0131 i\u00e7in muhalefet temsilcileri olarak belirlenecek \u015fah\u0131slar ve bir k\u0131sm\u0131n\u0131n tabi oldu\u011fu d\u0131\u015f g\u00fc\u00e7lerin ger\u00e7ek\u00e7i olup olumlu yakla\u015fmalar\u0131na ba\u011fl\u0131 oldu\u011funu s\u00f6yleyen Zoubi; muhalefet ad\u0131 alt\u0131nda piyonluk yapan kimi \u015fahsiyetler ve bunlar\u0131n tabi olduklar\u0131 rejimlerin \u00e7\u00f6z\u00fcm konusunda ciddi olmad\u0131klar\u0131n\u0131 belirtti. Bakan Zoubi bu rejimlerin ba\u015f\u0131nda da T\u00fcrkiye&#8217;de Recep tayip Erdo\u011fan ve Suudi rejimlerinin bulundu\u011funa dikkat \u00e7ekti. Erdo\u011fan ve rejiminin Suriye&#8217;de bar\u0131\u015f\u00e7\u0131l \u00e7\u00f6z\u00fcm s\u00fcrecinin bir par\u00e7as\u0131 olma olana\u011f\u0131 ve d\u00fczeyine sahip olmad\u0131\u011f\u0131n\u0131n alt\u0131n\u0131 \u00e7izen Zoubi; Erdo\u011fan ver ejiminin hem Suriye hem de T\u00fcrkiye halk\u0131na y\u00f6nelik ter\u00f6r eylemlerinde bulundu\u011funu belirtti. Zoubi Erdo\u011fan\u2019\u0131n bunu yapma g\u00fcc\u00fcne de sahip olmad\u0131\u011f\u0131n\u0131 s\u00f6yledi.<\/p>\n<p>Suriye&#8217;de \u00e7\u00f6z\u00fcm\u00fcn bizzat Suriyeliler aras\u0131nda olaca\u011f\u0131n\u0131 belirten Zoubi; \u00f6n\u00fcm\u00fczdeki y\u0131l\u0131n ter\u00f6re kar\u015f\u0131 zafer y\u0131l\u0131 olaca\u011f\u0131n\u0131 vurgulad\u0131.<\/p>\n<p>R.H.<\/p>\n","protected":false},"excerpt":{"rendered":"<p>\u015eAM \u2013 Enformasyon bakan\u0131 Omran el Zoubi Suriye&#8217;deki krize \u00e7\u00f6z\u00fcm\u00fcn ancak ve ancak Suriyelilerin h\u00fcr iradesiyle olaca\u011f\u0131n\u0131 belirtirken, Suriye ve halk\u0131n\u0131n ya\u015fad\u0131\u011f\u0131 t\u00fcm bu ac\u0131lar\u0131n Vahhabi, ihvanc\u0131 ve Osmanl\u0131 projesinin I\u015e\u0130D ve Nusra Ccephesi gibi tekfirci ter\u00f6r \u00f6rg\u00fctlere destekleri nedeniyle oldu\u011funun alt\u0131n\u0131 \u00e7izdi. Suriye Televizyonu ile d\u00fcn ak\u015fam bulundu\u011fu m\u00fclakat\u0131nda Bakan Zoubi; Suriye ve onurlu &hellip;<\/p>\n","protected":false},"author":1,"featured_media":56743,"comment_status":"closed","ping_status":"closed","sticky":false,"template":"","format":"standard","meta":{"footnotes":""},"categories":[479,17988,2554,2555,478],"tags":[18327],"class_list":["post-56742","post","type-post","status-publish","format-standard","has-post-thumbnail","","category-haberler-yerel","category-son-haberler","category-suriye-ve-dunya","category-suriye-ve-turkiye","category-yerel","tag-erdogan-bunu-yapma-gucune-sahip-degildir"],"_links":{"self":[{"href":"https:\/\/archive.sana.sy\/tr\/index.php?rest_route=\/wp\/v2\/posts\/56742","targetHints":{"allow":["GET"]}}],"collection":[{"href":"https:\/\/archive.sana.sy\/tr\/index.php?rest_route=\/wp\/v2\/posts"}],"about":[{"href":"https:\/\/archive.sana.sy\/tr\/index.php?rest_route=\/wp\/v2\/types\/post"}],"author":[{"embeddable":true,"href":"https:\/\/archive.sana.sy\/tr\/index.php?rest_route=\/wp\/v2\/users\/1"}],"replies":[{"embeddable":true,"href":"https:\/\/archive.sana.sy\/tr\/index.php?rest_route=%2Fwp%2Fv2%2Fcomments&post=56742"}],"version-history":[{"count":0,"href":"https:\/\/archive.sana.sy\/tr\/index.php?rest_route=\/wp\/v2\/posts\/56742\/revisions"}],"wp:featuredmedia":[{"embeddable":true,"href":"https:\/\/archive.sana.sy\/tr\/index.php?rest_route=\/wp\/v2\/media\/56743"}],"wp:attachment":[{"href":"https:\/\/archive.sana.sy\/tr\/index.php?rest_route=%2Fwp%2Fv2%2Fmedia&parent=56742"}],"wp:term":[{"taxonomy":"category","embeddable":true,"href":"https:\/\/archive.sana.sy\/tr\/index.php?rest_route=%2Fwp%2Fv2%2Fcategories&post=56742"},{"taxonomy":"post_tag","embeddable":true,"href":"https:\/\/archive.sana.sy\/tr\/index.php?rest_route=%2Fwp%2Fv2%2Ftags&post=56742"}],"curies":[{"name":"wp","href":"https:\/\/api.w.org\/{rel}","templated":true}]}}