{"id":56749,"date":"2015-12-31T10:09:59","date_gmt":"2015-12-31T08:09:59","guid":{"rendered":"http:\/\/www.sana.sy\/tr\/?p=56749"},"modified":"2015-12-31T13:15:58","modified_gmt":"2015-12-31T11:15:58","slug":"derada-israil-destekli-tekfirci-teroristlere-yonelik-operasyonlarini-basariyla-surduren-ordu-birliklerimiz-urdun-sinirlarina-yakin-dusen-dera-beledin-becabica-bedu-ve-eski-gumruk-m","status":"publish","type":"post","link":"https:\/\/archive.sana.sy\/tr\/?p=56749","title":{"rendered":"Dera\u2019da \u0130srail destekli tekfirci ter\u00f6ristlere y\u00f6nelik operasyonlar\u0131n\u0131 ba\u015far\u0131yla s\u00fcrd\u00fcren ordu birliklerimiz; \u00dcrd\u00fcn s\u0131n\u0131rlar\u0131na yak\u0131n d\u00fc\u015fen Dera Beled\u2019in Becabica, Bedu ve Eski G\u00fcmr\u00fck M\u00fcd\u00fcrl\u00fc\u011f\u00fc b\u00f6lgelerinde \u2018Tevhit el Cenub T\u00fcmeni\u2019 ter\u00f6r olu\u015fumunun \u2018\u0130slam Kalkan\u0131\u2019 adl\u0131 \u00e7etelerine ait karargah, siper ve toplanma yerlerini muhtevalar\u0131yla imha etti"},"content":{"rendered":"<p>Dera\u2019da \u0130srail destekli tekfirci ter\u00f6ristlere y\u00f6nelik operasyonlar\u0131n\u0131 ba\u015far\u0131yla s\u00fcrd\u00fcren ordu birliklerimiz; \u00dcrd\u00fcn s\u0131n\u0131rlar\u0131na yak\u0131n d\u00fc\u015fen Dera Beled\u2019in Becabica, Bedu ve Eski G\u00fcmr\u00fck M\u00fcd\u00fcrl\u00fc\u011f\u00fc b\u00f6lgelerinde \u2018Tevhit el Cenub T\u00fcmeni\u2019 ter\u00f6r olu\u015fumunun \u2018\u0130slam Kalkan\u0131\u2019 adl\u0131 \u00e7etelerine ait karargah, siper ve toplanma yerlerini muhtevalar\u0131yla imha etti<\/p>\n","protected":false},"excerpt":{"rendered":"<p>Dera\u2019da \u0130srail destekli tekfirci ter\u00f6ristlere y\u00f6nelik operasyonlar\u0131n\u0131 ba\u015far\u0131yla s\u00fcrd\u00fcren ordu birliklerimiz; \u00dcrd\u00fcn s\u0131n\u0131rlar\u0131na yak\u0131n d\u00fc\u015fen Dera Beled\u2019in Becabica, Bedu ve Eski G\u00fcmr\u00fck M\u00fcd\u00fcrl\u00fc\u011f\u00fc b\u00f6lgelerinde \u2018Tevhit el Cenub T\u00fcmeni\u2019 ter\u00f6r olu\u015fumunun \u2018\u0130slam Kalkan\u0131\u2019 adl\u0131 \u00e7etelerine ait karargah, siper ve toplanma yerlerini muhtevalar\u0131yla imha etti<\/p>\n","protected":false},"author":1,"featured_media":0,"comment_status":"closed","ping_status":"closed","sticky":false,"template":"","format":"standard","meta":{"footnotes":""},"categories":[17991],"tags":[],"class_list":["post-56749","post","type-post","status-publish","format-standard","","category-son-dakika"],"_links":{"self":[{"href":"https:\/\/archive.sana.sy\/tr\/index.php?rest_route=\/wp\/v2\/posts\/56749","targetHints":{"allow":["GET"]}}],"collection":[{"href":"https:\/\/archive.sana.sy\/tr\/index.php?rest_route=\/wp\/v2\/posts"}],"about":[{"href":"https:\/\/archive.sana.sy\/tr\/index.php?rest_route=\/wp\/v2\/types\/post"}],"author":[{"embeddable":true,"href":"https:\/\/archive.sana.sy\/tr\/index.php?rest_route=\/wp\/v2\/users\/1"}],"replies":[{"embeddable":true,"href":"https:\/\/archive.sana.sy\/tr\/index.php?rest_route=%2Fwp%2Fv2%2Fcomments&post=56749"}],"version-history":[{"count":0,"href":"https:\/\/archive.sana.sy\/tr\/index.php?rest_route=\/wp\/v2\/posts\/56749\/revisions"}],"wp:attachment":[{"href":"https:\/\/archive.sana.sy\/tr\/index.php?rest_route=%2Fwp%2Fv2%2Fmedia&parent=56749"}],"wp:term":[{"taxonomy":"category","embeddable":true,"href":"https:\/\/archive.sana.sy\/tr\/index.php?rest_route=%2Fwp%2Fv2%2Fcategories&post=56749"},{"taxonomy":"post_tag","embeddable":true,"href":"https:\/\/archive.sana.sy\/tr\/index.php?rest_route=%2Fwp%2Fv2%2Ftags&post=56749"}],"curies":[{"name":"wp","href":"https:\/\/api.w.org\/{rel}","templated":true}]}}