{"id":5675,"date":"2014-07-22T15:00:49","date_gmt":"2014-07-22T12:00:49","guid":{"rendered":"http:\/\/www.sana.sy\/tr\/?p=5675"},"modified":"2014-07-23T13:49:25","modified_gmt":"2014-07-23T10:49:25","slug":"gazzede-sivillerin-oldurulmesine-yonelik-uluslararasi-suskunlugu-kinadilar","status":"publish","type":"post","link":"https:\/\/archive.sana.sy\/tr\/?p=5675","title":{"rendered":"Gazze\u2019de Sivillerin \u00d6ld\u00fcr\u00fclmesine Y\u00f6nelik Uluslararas\u0131 Suskunlu\u011fu K\u0131nad\u0131lar"},"content":{"rendered":"<p>TAHRAN \u2013 Halk Meclisi Ba\u015fkan\u0131 Muhammed Cihat el Lahham ile \u0130ran \u015eura Meclisi Ba\u015fkan\u0131 Ali Laricani , i\u015fgalci \u0130srail\u2019in Gazze Kesiminde masum sivillere y\u00f6nelik i\u015fledi\u011fi barbar katliamlara y\u00f6nelik uluslararas\u0131 suskunlu\u011fu k\u0131nad\u0131lar.<\/p>\n<p>Lahham ve Laricani bug\u00fcn Tahran\u2019da bir araya geli\u015flerinde \u0130slam Troyka Parlamentolar\u0131 toplant\u0131s\u0131 s\u0131ras\u0131nda, en \u00e7irkef uygulamalara maruz kalan Gazze Kesimindeki Filistin halk\u0131n\u0131 desteklemek i\u00e7in \u00f6nemli kararlar almaya \u00e7a\u011f\u0131rd\u0131lar.<\/p>\n","protected":false},"excerpt":{"rendered":"<p>TAHRAN \u2013 Halk Meclisi Ba\u015fkan\u0131 Muhammed Cihat el Lahham ile \u0130ran \u015eura Meclisi Ba\u015fkan\u0131 Ali Laricani , i\u015fgalci \u0130srail\u2019in Gazze Kesiminde masum sivillere y\u00f6nelik i\u015fledi\u011fi barbar katliamlara y\u00f6nelik uluslararas\u0131 suskunlu\u011fu k\u0131nad\u0131lar. Lahham ve Laricani bug\u00fcn Tahran\u2019da bir araya geli\u015flerinde \u0130slam Troyka Parlamentolar\u0131 toplant\u0131s\u0131 s\u0131ras\u0131nda, en \u00e7irkef uygulamalara maruz kalan Gazze Kesimindeki Filistin halk\u0131n\u0131 desteklemek i\u00e7in &hellip;<\/p>\n","protected":false},"author":1,"featured_media":5685,"comment_status":"closed","ping_status":"closed","sticky":false,"template":"","format":"standard","meta":{"footnotes":""},"categories":[458,447,584],"tags":[1238],"class_list":["post-5675","post","type-post","status-publish","format-standard","has-post-thumbnail","","category-dunya1","category-politika","category-yurtdisinda-sana-ofisleri","tag-gazzede-sivillerin-oldurulmesine-yonelik-uluslararasi-suskunlugu-kinadilar"],"_links":{"self":[{"href":"https:\/\/archive.sana.sy\/tr\/index.php?rest_route=\/wp\/v2\/posts\/5675","targetHints":{"allow":["GET"]}}],"collection":[{"href":"https:\/\/archive.sana.sy\/tr\/index.php?rest_route=\/wp\/v2\/posts"}],"about":[{"href":"https:\/\/archive.sana.sy\/tr\/index.php?rest_route=\/wp\/v2\/types\/post"}],"author":[{"embeddable":true,"href":"https:\/\/archive.sana.sy\/tr\/index.php?rest_route=\/wp\/v2\/users\/1"}],"replies":[{"embeddable":true,"href":"https:\/\/archive.sana.sy\/tr\/index.php?rest_route=%2Fwp%2Fv2%2Fcomments&post=5675"}],"version-history":[{"count":0,"href":"https:\/\/archive.sana.sy\/tr\/index.php?rest_route=\/wp\/v2\/posts\/5675\/revisions"}],"wp:featuredmedia":[{"embeddable":true,"href":"https:\/\/archive.sana.sy\/tr\/index.php?rest_route=\/wp\/v2\/media\/5685"}],"wp:attachment":[{"href":"https:\/\/archive.sana.sy\/tr\/index.php?rest_route=%2Fwp%2Fv2%2Fmedia&parent=5675"}],"wp:term":[{"taxonomy":"category","embeddable":true,"href":"https:\/\/archive.sana.sy\/tr\/index.php?rest_route=%2Fwp%2Fv2%2Fcategories&post=5675"},{"taxonomy":"post_tag","embeddable":true,"href":"https:\/\/archive.sana.sy\/tr\/index.php?rest_route=%2Fwp%2Fv2%2Ftags&post=5675"}],"curies":[{"name":"wp","href":"https:\/\/api.w.org\/{rel}","templated":true}]}}