{"id":56753,"date":"2015-12-31T17:15:24","date_gmt":"2015-12-31T15:15:24","guid":{"rendered":"http:\/\/www.sana.sy\/tr\/?p=56753"},"modified":"2016-01-02T12:04:36","modified_gmt":"2016-01-02T10:04:36","slug":"tekfirciler-arac-ve-elebaslariyla-buyuk-kayiplar-vermeye-devam-ediyor","status":"publish","type":"post","link":"https:\/\/archive.sana.sy\/tr\/?p=56753","title":{"rendered":"Tekfirciler Ara\u00e7 ve Eleba\u015flar\u0131yla B\u00fcy\u00fck Kay\u0131plar Vermeye Devam Ediyor"},"content":{"rendered":"<p>\u0130LLER \u2013 T\u00fcrkiye&#8217;de Erdo\u011fan rejimi ve daha ba\u015fka devletlerin destek ve komutalar\u0131nda ter\u00f6r faaliyetlerinde bulunan tekfirci \u00f6rg\u00fctlere y\u00f6nelik operasyonlar\u0131n\u0131 s\u00fcrd\u00fcren ordu birliklerimiz bug\u00fcn de karargah ve hareketlenmelerini imha ederek onlar\u0131 eleba\u015flar\u0131, ara\u00e7lar\u0131 ve cephaneleriyle b\u00fcy\u00fck kay\u0131plara u\u011fratmaya devam etti.<\/p>\n<p><span style=\"color: #0000ff\">\u015eAM KIRSALI:<\/span><\/p>\n<p>SANA\u2019ya konu\u015fan askeri kaynak hava g\u00fc\u00e7lerimizin \u015eam k\u0131rsal\u0131 Do\u011fu \u011euta\u2019n\u0131n Duma B\u00f6lgesinde Suudi Arabistan rejiminden destek ve komuta olan \u2018\u0130slam Ordusu\u2019 tekfircilerinin karargah ve toplanma yerlerini imha ettiklerini ifade etti.<\/p>\n<p><span style=\"color: #0000ff\">HAMA:<\/span><\/p>\n<p>Hama k\u0131rsal\u0131nda ise hava g\u00fc\u00e7lerimiz ihvanc\u0131 Erdo\u011fan ve rejiminin her t\u00fcrl\u00fc deste\u011fi temin edip y\u00f6nlendirdi\u011fi \u00e7okuluslu tekfirci \u00e7etelerin Kefarzeyta, Tlul el Humr, Morik ve Latamina b\u00f6lgelerinde karargah ve ara\u00e7lar\u0131n\u0131 imha etti. Saha kaynaklar\u0131 operasyonlarda aralar\u0131nda yabanc\u0131 ve tehlikeli isimlerin bulundu\u011fu y\u00fcksek say\u0131da ter\u00f6ristin \u00f6ld\u00fc\u011f\u00fcn\u00fc aktard\u0131.<\/p>\n<p>Ordu birliklerimiz Hama k\u0131rsal\u0131n\u0131n do\u011fusunda da halk savunma g\u00fc\u00e7leriyle i\u015fbirli\u011fi i\u00e7inde Zorsreyhin, Mektub, Cnan, Sarumiye, Rabun, Mahraz ve Muradiye belde \u2013 k\u00f6ylerini tamamen ter\u00f6rden temizleyerek g\u00fcvenlik ve kontrol\u00fc ellerine ge\u00e7irdi.<\/p>\n<p>https:\/\/www.youtube.com\/watch?v=Xy1QUEreaq8<\/p>\n<p><span style=\"color: #0000ff\">KUNAYTRA:<\/span><\/p>\n<p>Kunaytra k\u0131rsal\u0131nda \u0130srail destekli Nusra Cephesi ve \u00e7at\u0131s\u0131 alt\u0131ndaki di\u011fer ter\u00f6r \u00f6rg\u00fctleri say\u0131 ve cephaneleriyle b\u00fcy\u00fck kay\u0131plara u\u011fratan ordu birliklerimiz Bat\u0131 Samadaniye K\u00f6y\u00fcn\u00fc bu \u00e7etelerden temizleyerek kontrol ve g\u00fcvenli\u011fi eline ge\u00e7irdi.<\/p>\n<p><span style=\"color: #0000ff\">DERA:<\/span><\/p>\n<p>Bu arada Dera\u2019da \u0130srail destekli tekfirci ter\u00f6ristlere y\u00f6nelik operasyonlar\u0131n\u0131 ba\u015far\u0131yla s\u00fcrd\u00fcren ordu birliklerimiz; \u00dcrd\u00fcn s\u0131n\u0131rlar\u0131na yak\u0131n d\u00fc\u015fen Dera Beled\u2019in Becabica, Bedu ve Eski G\u00fcmr\u00fck M\u00fcd\u00fcrl\u00fc\u011f\u00fc b\u00f6lgelerinde \u2018Tevhit el Cenub T\u00fcmeni\u2019 ter\u00f6r olu\u015fumunun \u2018\u0130slam Kalkan\u0131\u2019 adl\u0131 \u00e7etelerine ait karargah, siper ve toplanma yerlerini muhtevalar\u0131yla imha etti.<\/p>\n<p>Operasyonlarda aralar\u0131nda saha komutanlar\u0131n\u0131n bulundu\u011fu \u00e7ok say\u0131da ter\u00f6ristin \u00f6ld\u00fcr\u00fcld\u00fc\u011f\u00fcn\u00fc ifade eden saha kaynaklar\u0131; ordu birliklerimizin eski g\u00fcmr\u00fck m\u00fcd\u00fcrl\u00fc\u011f\u00fc b\u00f6lgesinde \u00dcrd\u00fcn s\u0131n\u0131rlar\u0131na dayand\u0131klar\u0131n\u0131 aktard\u0131.<\/p>\n<p><span style=\"color: #0000ff\">HALEP:<\/span><\/p>\n<p>Hava g\u00fc\u00e7lerimizden destek alan ordu birliklerimizin Halep ve k\u0131rsal\u0131nda ihvanc\u0131 Erdo\u011fan ve Vahhabi \u00c2l Suud rejimlerine ba\u011fl\u0131 I\u015e\u0130D ve di\u011fer radikal ter\u00f6r \u00f6rg\u00fctlere y\u00f6nelik operasyonlar\u0131n\u0131 s\u00fcrd\u00fcrd\u00fcklerini belirten askeri kaynak; Afe\u015f, Deyr Kak ve Ay\u015fe k\u00f6ylerine ek olarak el Haz\u0131r Beldesi ve el Bab Kentinde I\u015e\u0130D\u2019in siper ve hareketlenmelerini hedef ald\u0131klar\u0131n\u0131 ifade etti.<\/p>\n<p>Kaynak; hava operasyonlarda \u00e7ok say\u0131da ter\u00f6ristin \u00f6l\u00fc ve yaral\u0131 d\u00fc\u015f\u00fcr\u00fcl\u00fcp muhtelif t\u00fcr makineli silahlarla donat\u0131lm\u0131\u015f ara\u00e7lara ilaveten silah ve m\u00fchimmatlar\u0131n\u0131n da imha edildi\u011fine dikkat \u00e7ekti.<\/p>\n<p>Bu arada ordu birliklerimizin Halep Kenti Kerm el Tarrab, \u015eeyh L\u00fctfi, Selahattin, Ra\u015fidin 4 ve Beni Zeyd semtlerinde Nusra Cephesi ve \u00e7at\u0131s\u0131 alt\u0131ndaki ter\u00f6r \u00e7etelere y\u00f6nelik nitelikli operasyonlar ger\u00e7ekle\u015ftirdiklerini s\u00f6yleyen kaynak; radikal ter\u00f6ristlerin saflar\u0131nda a\u011f\u0131r kay\u0131plara yol a\u00e7t\u0131klar\u0131n\u0131 aktard\u0131.<\/p>\n<p>Di\u011fer yandan ter\u00f6r \u00e7eteleri medya ara\u00e7lar\u0131nda \u2018\u015eam Devrimciler Taburlar\u0131\u2019nda s\u00f6zde askeri komutan \u0130brahim Muhammed Adnan\u2019\u0131n yan\u0131 s\u0131ra s\u00f6z konusu ter\u00f6r olu\u015fumun \u2018\u015eeriat Sorumlusu\u2019 olarak bilinen Abd\u00fclkadir Ahmet Abd\u00fclcelil\u2019in aralar\u0131nda bulundu\u011fu bir\u00e7ok ter\u00f6ristin \u00f6ld\u00fcr\u00fcld\u00fc\u011f\u00fcn\u00fc itiraf etti.<\/p>\n<p><span style=\"color: #0000ff\">HOMS:<\/span><\/p>\n<p>\u00d6te yandan hava g\u00fc\u00e7lerimiz Homs Kentinin yakla\u015f\u0131k 85 km g\u00fcneydo\u011fusuna d\u00fc\u015fen Karyateyn ve Mermelet el Karyateyn b\u00f6lgelerinde I\u015e\u0130D ter\u00f6r \u00f6rg\u00fct\u00fcne ait siper ve karargahlar\u0131 yo\u011fun ate\u015fe tutmalar\u0131yla tekfircileri say\u0131 ve te\u00e7hizatlar\u0131yla b\u00fcy\u00fck kay\u0131plara u\u011fratt\u0131.<\/p>\n<p>Homs k\u0131rsal\u0131n\u0131n kuzeyinde de hava g\u00fc\u00e7lerimiz Teyrmale ve G\u00fcney Ayn H\u00fcseyin k\u00f6ylerinde Nusra Cephesinin a\u011f\u0131r makineli silahlarla donat\u0131lm\u0131\u015f ara\u00e7lar\u0131 ve toplanma yerlerini imha etti.<\/p>\n<p>https:\/\/www.youtube.com\/watch?v=TNKEM2h7y-Q<\/p>\n<p>M.M. -R.H.<\/p>\n","protected":false},"excerpt":{"rendered":"<p>\u0130LLER \u2013 T\u00fcrkiye&#8217;de Erdo\u011fan rejimi ve daha ba\u015fka devletlerin destek ve komutalar\u0131nda ter\u00f6r faaliyetlerinde bulunan tekfirci \u00f6rg\u00fctlere y\u00f6nelik operasyonlar\u0131n\u0131 s\u00fcrd\u00fcren ordu birliklerimiz bug\u00fcn de karargah ve hareketlenmelerini imha ederek onlar\u0131 eleba\u015flar\u0131, ara\u00e7lar\u0131 ve cephaneleriyle b\u00fcy\u00fck kay\u0131plara u\u011fratmaya devam etti. \u015eAM KIRSALI: SANA\u2019ya konu\u015fan askeri kaynak hava g\u00fc\u00e7lerimizin \u015eam k\u0131rsal\u0131 Do\u011fu \u011euta\u2019n\u0131n Duma B\u00f6lgesinde Suudi Arabistan &hellip;<\/p>\n","protected":false},"author":1,"featured_media":56759,"comment_status":"closed","ping_status":"closed","sticky":false,"template":"","format":"standard","meta":{"footnotes":""},"categories":[575],"tags":[3464,18237,18329,15787,2318,13459,2695,18328,7657,2576],"class_list":["post-56753","post","type-post","status-publish","format-standard","has-post-thumbnail","","category-olaylar-ve-gercekler","tag-nusra-cephesi","tag-cihatcilar","tag-dais","tag-fetih-ordusu","tag-isid","tag-islam-ordusu","tag-ordu-birliklerimiz","tag-tekfirci","tag-teror-orgutleri","tag-terorist"],"_links":{"self":[{"href":"https:\/\/archive.sana.sy\/tr\/index.php?rest_route=\/wp\/v2\/posts\/56753","targetHints":{"allow":["GET"]}}],"collection":[{"href":"https:\/\/archive.sana.sy\/tr\/index.php?rest_route=\/wp\/v2\/posts"}],"about":[{"href":"https:\/\/archive.sana.sy\/tr\/index.php?rest_route=\/wp\/v2\/types\/post"}],"author":[{"embeddable":true,"href":"https:\/\/archive.sana.sy\/tr\/index.php?rest_route=\/wp\/v2\/users\/1"}],"replies":[{"embeddable":true,"href":"https:\/\/archive.sana.sy\/tr\/index.php?rest_route=%2Fwp%2Fv2%2Fcomments&post=56753"}],"version-history":[{"count":0,"href":"https:\/\/archive.sana.sy\/tr\/index.php?rest_route=\/wp\/v2\/posts\/56753\/revisions"}],"wp:featuredmedia":[{"embeddable":true,"href":"https:\/\/archive.sana.sy\/tr\/index.php?rest_route=\/wp\/v2\/media\/56759"}],"wp:attachment":[{"href":"https:\/\/archive.sana.sy\/tr\/index.php?rest_route=%2Fwp%2Fv2%2Fmedia&parent=56753"}],"wp:term":[{"taxonomy":"category","embeddable":true,"href":"https:\/\/archive.sana.sy\/tr\/index.php?rest_route=%2Fwp%2Fv2%2Fcategories&post=56753"},{"taxonomy":"post_tag","embeddable":true,"href":"https:\/\/archive.sana.sy\/tr\/index.php?rest_route=%2Fwp%2Fv2%2Ftags&post=56753"}],"curies":[{"name":"wp","href":"https:\/\/api.w.org\/{rel}","templated":true}]}}