{"id":56765,"date":"2015-12-31T15:46:26","date_gmt":"2015-12-31T13:46:26","guid":{"rendered":"http:\/\/www.sana.sy\/tr\/?p=56765"},"modified":"2016-01-02T12:07:36","modified_gmt":"2016-01-02T10:07:36","slug":"ankaranin-bu-cabalari-yikici-rolunu-ortbas-edemeyecektir","status":"publish","type":"post","link":"https:\/\/archive.sana.sy\/tr\/?p=56765","title":{"rendered":"Ankara\u2019n\u0131n Bu \u00c7abalar\u0131, Y\u0131k\u0131c\u0131 Rol\u00fcn\u00fc \u00d6rtbas Edemeyecektir"},"content":{"rendered":"<p>MOSKOVA \u2013 Rusya D\u0131\u015fi\u015fleri Bakanl\u0131\u011f\u0131; T\u00fcrkiye&#8217;de Erdo\u011fan rejimi yetkililerinin; \u2018Rus sava\u015f u\u00e7aklar\u0131n\u0131n Suriye&#8217;de sivilleri hedef ald\u0131klar\u0131\u2019 y\u00f6n\u00fcnde bulunduklar\u0131 su\u00e7lamalar\u0131n asl\u0131 ger\u00e7e\u011fi olmad\u0131\u011f\u0131n\u0131 belirtti.<\/p>\n<p>Rus bakanl\u0131k bug\u00fcn yay\u0131nlad\u0131\u011f\u0131 resmi beyan\u0131nda; \u201cAnkara\u2019n\u0131n Rusya&#8217;ya kar\u015f\u0131 d\u00fc\u015fmanc\u0131 bir hamle ba\u015flatma \u00e7abalar\u0131, \u00fclkemizin T\u00fcrkiye&#8217;nin Suriye&#8217;nin kuzeyinde gayr\u0131 me\u015fru faaliyetlere bula\u015fmas\u0131n\u0131 de\u015fifre etmesine a\u00e7\u0131k bir cevap olarak g\u00f6rmekteyiz. \u00d6yle ki Rusya; T\u00fcrkiye&#8217;nin Suriye&#8217;de I\u015e\u0130D\u2019in kontrol\u00fc alt\u0131ndaki petrol sahalar\u0131ndan petrol ka\u00e7\u0131rd\u0131\u011f\u0131n\u0131 ve Suriye&#8217;de mevcut t\u00fcm tekfirci ve di\u011fer ter\u00f6r \u00f6rg\u00fctlere her t\u00fcrl\u00fc deste\u011fi temin etti\u011fini de\u015fifre etmi\u015fti.\u201d \u0130fadelerini kulland\u0131.<\/p>\n<p>Rus bakanl\u0131k beyan\u0131nda T\u00fcrkiye rejiminin bu taktiksel manevras\u0131n\u0131n, d\u00fcnya kamuoyunun dikkatini T\u00fcrkiye&#8217;nin Suriye&#8217;de oynad\u0131\u011f\u0131 y\u0131k\u0131c\u0131 rolden uzakla\u015ft\u0131ramayaca\u011f\u0131n\u0131 vurgulad\u0131.<\/p>\n<p>Rusya Savunma Bakanl\u0131\u011f\u0131 Rus hava g\u00fc\u00e7lerinin Suriye&#8217;deki operasyonlar\u0131nda geni\u015fmi\u015f teknoloji kulland\u0131klar\u0131n\u0131 ve hedeflerinde gayet dakik olduklar\u0131n\u0131 vurgulam\u0131\u015ft\u0131. Ayn\u0131 zamanda T\u00fcrkiye&#8217;de Erdo\u011fan ve rejiminin I\u015e\u0130D ile i\u015fbirli\u011fi i\u00e7inde Suriye&#8217;den petrol\u00fc nas\u0131l \u00e7al\u0131p T\u00fcrkiye&#8217;ye ge\u00e7irdiklerini kan\u0131tlayan uydu g\u00f6r\u00fcnt\u00fcleri yay\u0131nlam\u0131\u015ft\u0131.<\/p>\n","protected":false},"excerpt":{"rendered":"<p>MOSKOVA \u2013 Rusya D\u0131\u015fi\u015fleri Bakanl\u0131\u011f\u0131; T\u00fcrkiye&#8217;de Erdo\u011fan rejimi yetkililerinin; \u2018Rus sava\u015f u\u00e7aklar\u0131n\u0131n Suriye&#8217;de sivilleri hedef ald\u0131klar\u0131\u2019 y\u00f6n\u00fcnde bulunduklar\u0131 su\u00e7lamalar\u0131n asl\u0131 ger\u00e7e\u011fi olmad\u0131\u011f\u0131n\u0131 belirtti. Rus bakanl\u0131k bug\u00fcn yay\u0131nlad\u0131\u011f\u0131 resmi beyan\u0131nda; \u201cAnkara\u2019n\u0131n Rusya&#8217;ya kar\u015f\u0131 d\u00fc\u015fmanc\u0131 bir hamle ba\u015flatma \u00e7abalar\u0131, \u00fclkemizin T\u00fcrkiye&#8217;nin Suriye&#8217;nin kuzeyinde gayr\u0131 me\u015fru faaliyetlere bula\u015fmas\u0131n\u0131 de\u015fifre etmesine a\u00e7\u0131k bir cevap olarak g\u00f6rmekteyiz. \u00d6yle ki Rusya; &hellip;<\/p>\n","protected":false},"author":1,"featured_media":56768,"comment_status":"closed","ping_status":"closed","sticky":false,"template":"","format":"standard","meta":{"footnotes":""},"categories":[458,459,17988],"tags":[18330,17146,18331],"class_list":["post-56765","post","type-post","status-publish","format-standard","has-post-thumbnail","","category-dunya1","category-haberler-arap-uluslararasi-politika","category-son-haberler","tag-ankaranin-bu-cabalari","tag-rusya-disisleri-bakanligi","tag-yikici-rolunu-ortbas-edemeyecektir"],"_links":{"self":[{"href":"https:\/\/archive.sana.sy\/tr\/index.php?rest_route=\/wp\/v2\/posts\/56765","targetHints":{"allow":["GET"]}}],"collection":[{"href":"https:\/\/archive.sana.sy\/tr\/index.php?rest_route=\/wp\/v2\/posts"}],"about":[{"href":"https:\/\/archive.sana.sy\/tr\/index.php?rest_route=\/wp\/v2\/types\/post"}],"author":[{"embeddable":true,"href":"https:\/\/archive.sana.sy\/tr\/index.php?rest_route=\/wp\/v2\/users\/1"}],"replies":[{"embeddable":true,"href":"https:\/\/archive.sana.sy\/tr\/index.php?rest_route=%2Fwp%2Fv2%2Fcomments&post=56765"}],"version-history":[{"count":0,"href":"https:\/\/archive.sana.sy\/tr\/index.php?rest_route=\/wp\/v2\/posts\/56765\/revisions"}],"wp:featuredmedia":[{"embeddable":true,"href":"https:\/\/archive.sana.sy\/tr\/index.php?rest_route=\/wp\/v2\/media\/56768"}],"wp:attachment":[{"href":"https:\/\/archive.sana.sy\/tr\/index.php?rest_route=%2Fwp%2Fv2%2Fmedia&parent=56765"}],"wp:term":[{"taxonomy":"category","embeddable":true,"href":"https:\/\/archive.sana.sy\/tr\/index.php?rest_route=%2Fwp%2Fv2%2Fcategories&post=56765"},{"taxonomy":"post_tag","embeddable":true,"href":"https:\/\/archive.sana.sy\/tr\/index.php?rest_route=%2Fwp%2Fv2%2Ftags&post=56765"}],"curies":[{"name":"wp","href":"https:\/\/api.w.org\/{rel}","templated":true}]}}