{"id":56771,"date":"2016-01-01T11:27:53","date_gmt":"2016-01-01T09:27:53","guid":{"rendered":"http:\/\/www.sana.sy\/tr\/?p=56771"},"modified":"2016-01-01T12:29:50","modified_gmt":"2016-01-01T10:29:50","slug":"ikisi-teror-orgutu-olup-yok-edilmeliler","status":"publish","type":"post","link":"https:\/\/archive.sana.sy\/tr\/?p=56771","title":{"rendered":"\u0130kisi Ter\u00f6r \u00d6rg\u00fct\u00fc Olup Yok Edilmeliler"},"content":{"rendered":"<p>MOSKOVA \u2013 Rusya D\u0131\u015fi\u015fleri Bakanl\u0131\u011f\u0131 \u015eam ve k\u0131rsal\u0131nda sivil yerle\u015fim alanlar\u0131n\u0131 geli\u015fig\u00fczel f\u00fczelerle hedef al\u0131p kad\u0131n ve \u00e7ocuk demeden savunmas\u0131z sivil insanlar\u0131 hedef alan \u2018\u0130slam Ordusu\u2019 ve \u2018Ahrar el \u015eam \u0130slami Hareketi\u2019nin tekfirci ter\u00f6r \u00f6rg\u00fctleri olup her ikisinin Suriye&#8217;de siyasi \u00e7\u00f6z\u00fcm s\u00fcrecine hi\u00e7bir \u015fekilde kat\u0131lmalar\u0131na kar\u015f\u0131 tutumunu vurgulad\u0131.<\/p>\n<p>Rusya D\u0131\u015fi\u015fleri Bakan\u0131 Yard\u0131mc\u0131s\u0131 Oleg Syromolotov Rus Tass Haber Ajans\u0131 ile r\u00f6portaj\u0131nda; t\u00fcm Suriye&#8217;de ortak siyasi hedeflerin sa\u011flanmas\u0131na herhangi bir par\u00e7a katk\u0131da bulunmalar\u0131ndan aciz olmalar\u0131 nedeniyle \u2018\u0130slam Ordusu\u2019 ve Ahrar el \u015eam \u0130slami Hareketi\u2019nin ter\u00f6r \u00f6rg\u00fctleri listesine al\u0131nmalar\u0131 gerekti\u011fini belirtti. Syromolotov s\u00f6z konusu iki \u00f6rg\u00fct\u00fcn kanl\u0131 ter\u00f6r \u00f6rg\u00fctlerinden ibaret olduklar\u0131n\u0131, kanl\u0131 su\u00e7lar\u0131yla birlikte ikisinin yok edilmeleri gerekti\u011fini ifade etti. Bu iki \u00f6rg\u00fct\u00fcn Suriye&#8217;de \u00e7ok say\u0131da ter\u00f6r eylemine bula\u015ft\u0131klar\u0131na dikkat \u00e7eken Syromolotov; ayn\u0131 zamanda Birle\u015fmi\u015f Milletlerin Kaide \u00d6rg\u00fct\u00fcn\u00fcn bir kolu olarak ter\u00f6r \u00f6rg\u00fct\u00fc olarak nitelendirdi\u011fi Nusra Cephesinden \u00e7ok say\u0131da ter\u00f6ristin iki \u00f6rg\u00fct saflar\u0131nda yer ald\u0131klar\u0131na vurgu yapt\u0131.<\/p>\n<p>\u2018\u0130slam Ordusu\u2019nun \u015eam ve k\u0131rsal\u0131nda aralar\u0131nda \u00e7ocuk ve kad\u0131nlar\u0131n bulundu\u011fu y\u00fczlerce savunmas\u0131z sivil insan\u0131n kurban gitmelerine neden olan geli\u015fig\u00fczel f\u00fcze sald\u0131r\u0131lar\u0131ndan sorumlu oldu\u011funu belirten Syromolotov; Adra \u0130\u015f\u00e7i Konutlar\u0131nda i\u015flenen toplu katliamlar\u0131n da sorumlusu oldu\u011funu ifade etti. Syromolotov bu \u00f6rg\u00fct\u00fcn ayn\u0131 zamanda Rusya&#8217;n\u0131n \u015eam B\u00fcy\u00fckel\u00e7ili\u011fini de roket ve f\u00fczelerle hedef ald\u0131\u011f\u0131n\u0131, BM\u2019nin de bu sald\u0131r\u0131lar\u0131 resmi olarak ter\u00f6r sald\u0131r\u0131lar\u0131 olarak nitelendirdi\u011fine vurgu yapt\u0131.<\/p>\n<p>Syromolotov ABD\u2019nin temel olarak \u2018\u0130slam Ordusu\u2019nu \u2018\u0131l\u0131ml\u0131 muhaliflerden\u2019 saymad\u0131\u011f\u0131n\u0131, buna ra\u011fmen de iki de bir siyasi \u00e7\u00f6z\u00fcm s\u00fcrecine kat\u0131lma \u00f6nerilerinde bulundu\u011funu belirtti.<\/p>\n<p>Suriyeli \u2018muhalefet temsilcilerinin\u2019 listesini haz\u0131rlama \u00e7al\u0131\u015fmalar\u0131n\u0131n devam etti\u011fini belirten Syromolotov; Rusya&#8217;n\u0131n bu \u00e7al\u0131\u015fmalar\u0131n tamamlanmas\u0131ndan \u00f6nce \u00f6nerilerde bulunmayaca\u011f\u0131n\u0131 s\u00f6yledi.<\/p>\n<p>R.H.<\/p>\n","protected":false},"excerpt":{"rendered":"<p>MOSKOVA \u2013 Rusya D\u0131\u015fi\u015fleri Bakanl\u0131\u011f\u0131 \u015eam ve k\u0131rsal\u0131nda sivil yerle\u015fim alanlar\u0131n\u0131 geli\u015fig\u00fczel f\u00fczelerle hedef al\u0131p kad\u0131n ve \u00e7ocuk demeden savunmas\u0131z sivil insanlar\u0131 hedef alan \u2018\u0130slam Ordusu\u2019 ve \u2018Ahrar el \u015eam \u0130slami Hareketi\u2019nin tekfirci ter\u00f6r \u00f6rg\u00fctleri olup her ikisinin Suriye&#8217;de siyasi \u00e7\u00f6z\u00fcm s\u00fcrecine hi\u00e7bir \u015fekilde kat\u0131lmalar\u0131na kar\u015f\u0131 tutumunu vurgulad\u0131. Rusya D\u0131\u015fi\u015fleri Bakan\u0131 Yard\u0131mc\u0131s\u0131 Oleg Syromolotov Rus &hellip;<\/p>\n","protected":false},"author":1,"featured_media":56772,"comment_status":"closed","ping_status":"closed","sticky":false,"template":"","format":"standard","meta":{"footnotes":""},"categories":[458,459,17988],"tags":[18332],"class_list":["post-56771","post","type-post","status-publish","format-standard","has-post-thumbnail","","category-dunya1","category-haberler-arap-uluslararasi-politika","category-son-haberler","tag-ikisi-teror-orgutu-olup-yok-edilmeliler"],"_links":{"self":[{"href":"https:\/\/archive.sana.sy\/tr\/index.php?rest_route=\/wp\/v2\/posts\/56771","targetHints":{"allow":["GET"]}}],"collection":[{"href":"https:\/\/archive.sana.sy\/tr\/index.php?rest_route=\/wp\/v2\/posts"}],"about":[{"href":"https:\/\/archive.sana.sy\/tr\/index.php?rest_route=\/wp\/v2\/types\/post"}],"author":[{"embeddable":true,"href":"https:\/\/archive.sana.sy\/tr\/index.php?rest_route=\/wp\/v2\/users\/1"}],"replies":[{"embeddable":true,"href":"https:\/\/archive.sana.sy\/tr\/index.php?rest_route=%2Fwp%2Fv2%2Fcomments&post=56771"}],"version-history":[{"count":0,"href":"https:\/\/archive.sana.sy\/tr\/index.php?rest_route=\/wp\/v2\/posts\/56771\/revisions"}],"wp:featuredmedia":[{"embeddable":true,"href":"https:\/\/archive.sana.sy\/tr\/index.php?rest_route=\/wp\/v2\/media\/56772"}],"wp:attachment":[{"href":"https:\/\/archive.sana.sy\/tr\/index.php?rest_route=%2Fwp%2Fv2%2Fmedia&parent=56771"}],"wp:term":[{"taxonomy":"category","embeddable":true,"href":"https:\/\/archive.sana.sy\/tr\/index.php?rest_route=%2Fwp%2Fv2%2Fcategories&post=56771"},{"taxonomy":"post_tag","embeddable":true,"href":"https:\/\/archive.sana.sy\/tr\/index.php?rest_route=%2Fwp%2Fv2%2Ftags&post=56771"}],"curies":[{"name":"wp","href":"https:\/\/api.w.org\/{rel}","templated":true}]}}