{"id":56774,"date":"2016-01-01T11:29:59","date_gmt":"2016-01-01T09:29:59","guid":{"rendered":"http:\/\/www.sana.sy\/tr\/?p=56774"},"modified":"2016-01-01T12:31:18","modified_gmt":"2016-01-01T10:31:18","slug":"buyuk-devletler-ve-isbirlikcileri-aciz-kaldi","status":"publish","type":"post","link":"https:\/\/archive.sana.sy\/tr\/?p=56774","title":{"rendered":"B\u00fcy\u00fck Devletler ve \u0130\u015fbirlik\u00e7ileri Aciz Kald\u0131"},"content":{"rendered":"<p>TAHRAN \u2013 Cumhuriyet Ba\u015f M\u00fcft\u00fcs\u00fc Ahmet Bedrettin Hassun Suriye&#8217;nin y\u00f6netim ve halk olarak kendisini hedef alan s\u00f6m\u00fcr\u00fcc\u00fc despot devletlerin planlar\u0131 kar\u015f\u0131s\u0131nda \u015fanl\u0131 bir zafer kazand\u0131\u011f\u0131n\u0131 belirtti.<\/p>\n<p>Tahran\u2019a bulundu\u011fu i\u015f gezisi kapsam\u0131nda \u0130ran D\u0131\u015fi\u015fleri Bakan\u0131 Yard\u0131mc\u0131s\u0131 H\u00fcseyin Emir Abd\u00fcllehyan ile bir araya gelen Hassun; d\u00fcnyan\u0131n b\u00fcy\u00fck devletleri ve i\u015fbirlik\u00e7i rejimlerin, d\u00fcnyan\u0131n her yerinden topland\u0131klar\u0131 az\u0131l\u0131 ter\u00f6ristlerine s\u0131n\u0131rs\u0131z desteklerine ra\u011fmen Suriye&#8217;de yurtsever onurlu halk\u0131n iradesi ve g\u00fc\u00e7l\u00fc m\u00fccadelesi kar\u015f\u0131s\u0131nda aciz kald\u0131klar\u0131n\u0131 belirtti. Hassun yurtsever Suriye halk\u0131n\u0131n vatan\u0131n\u0131n ve onurunu savunmak i\u00e7in be\u015f y\u0131la yak\u0131n s\u00fcredir ordusunun ve y\u00f6netiminin etraf\u0131nda kenetle\u015fti\u011fini ifade etti.<\/p>\n<p>G\u00f6r\u00fc\u015fmede Abd\u00fcllehyan Suriye&#8217;nin ter\u00f6r ve ter\u00f6ristlere kar\u015f\u0131 sava\u015fta \u00f6n cepheyi te\u015fkil etti\u011fine dikkat \u00e7ekerken, \u0130ran\u2019\u0131n Suriye devleti ve halk\u0131na deste\u011fini s\u00fcrd\u00fcrece\u011fini bir kez daha vurgulad\u0131.<\/p>\n<p>R.H.<\/p>\n","protected":false},"excerpt":{"rendered":"<p>TAHRAN \u2013 Cumhuriyet Ba\u015f M\u00fcft\u00fcs\u00fc Ahmet Bedrettin Hassun Suriye&#8217;nin y\u00f6netim ve halk olarak kendisini hedef alan s\u00f6m\u00fcr\u00fcc\u00fc despot devletlerin planlar\u0131 kar\u015f\u0131s\u0131nda \u015fanl\u0131 bir zafer kazand\u0131\u011f\u0131n\u0131 belirtti. Tahran\u2019a bulundu\u011fu i\u015f gezisi kapsam\u0131nda \u0130ran D\u0131\u015fi\u015fleri Bakan\u0131 Yard\u0131mc\u0131s\u0131 H\u00fcseyin Emir Abd\u00fcllehyan ile bir araya gelen Hassun; d\u00fcnyan\u0131n b\u00fcy\u00fck devletleri ve i\u015fbirlik\u00e7i rejimlerin, d\u00fcnyan\u0131n her yerinden topland\u0131klar\u0131 az\u0131l\u0131 ter\u00f6ristlerine &hellip;<\/p>\n","protected":false},"author":1,"featured_media":56775,"comment_status":"closed","ping_status":"closed","sticky":false,"template":"","format":"standard","meta":{"footnotes":""},"categories":[458,459,17988],"tags":[18333],"class_list":["post-56774","post","type-post","status-publish","format-standard","has-post-thumbnail","","category-dunya1","category-haberler-arap-uluslararasi-politika","category-son-haberler","tag-buyuk-devletler-ve-isbirlikcileri-aciz-kaldi"],"_links":{"self":[{"href":"https:\/\/archive.sana.sy\/tr\/index.php?rest_route=\/wp\/v2\/posts\/56774","targetHints":{"allow":["GET"]}}],"collection":[{"href":"https:\/\/archive.sana.sy\/tr\/index.php?rest_route=\/wp\/v2\/posts"}],"about":[{"href":"https:\/\/archive.sana.sy\/tr\/index.php?rest_route=\/wp\/v2\/types\/post"}],"author":[{"embeddable":true,"href":"https:\/\/archive.sana.sy\/tr\/index.php?rest_route=\/wp\/v2\/users\/1"}],"replies":[{"embeddable":true,"href":"https:\/\/archive.sana.sy\/tr\/index.php?rest_route=%2Fwp%2Fv2%2Fcomments&post=56774"}],"version-history":[{"count":0,"href":"https:\/\/archive.sana.sy\/tr\/index.php?rest_route=\/wp\/v2\/posts\/56774\/revisions"}],"wp:featuredmedia":[{"embeddable":true,"href":"https:\/\/archive.sana.sy\/tr\/index.php?rest_route=\/wp\/v2\/media\/56775"}],"wp:attachment":[{"href":"https:\/\/archive.sana.sy\/tr\/index.php?rest_route=%2Fwp%2Fv2%2Fmedia&parent=56774"}],"wp:term":[{"taxonomy":"category","embeddable":true,"href":"https:\/\/archive.sana.sy\/tr\/index.php?rest_route=%2Fwp%2Fv2%2Fcategories&post=56774"},{"taxonomy":"post_tag","embeddable":true,"href":"https:\/\/archive.sana.sy\/tr\/index.php?rest_route=%2Fwp%2Fv2%2Ftags&post=56774"}],"curies":[{"name":"wp","href":"https:\/\/api.w.org\/{rel}","templated":true}]}}