{"id":56790,"date":"2016-01-01T15:37:40","date_gmt":"2016-01-01T13:37:40","guid":{"rendered":"http:\/\/www.sana.sy\/tr\/?p=56790"},"modified":"2016-01-02T11:40:25","modified_gmt":"2016-01-02T09:40:25","slug":"filistinli-gencler-festival-duzenledi","status":"publish","type":"post","link":"https:\/\/archive.sana.sy\/tr\/?p=56790","title":{"rendered":"Filistinli Gen\u00e7ler Festival D\u00fczenledi"},"content":{"rendered":"<p>\u015eAM KIRSALI \u2013 Filistinli Geri D\u00f6n\u00fc\u015f Gen\u00e7lik Hareketi \u015eam k\u0131rsal\u0131 Han Dennun Yerle\u015fim Kamp\u0131nda festival d\u00fczenledi.<\/p>\n<p>https:\/\/www.youtube.com\/watch?v=kB3nQmmtqKA<\/p>\n","protected":false},"excerpt":{"rendered":"<p>\u015eAM KIRSALI \u2013 Filistinli Geri D\u00f6n\u00fc\u015f Gen\u00e7lik Hareketi \u015eam k\u0131rsal\u0131 Han Dennun Yerle\u015fim Kamp\u0131nda festival d\u00fczenledi. https:\/\/www.youtube.com\/watch?v=kB3nQmmtqKA<\/p>\n","protected":false},"author":1,"featured_media":56791,"comment_status":"closed","ping_status":"closed","sticky":false,"template":"","format":"standard","meta":{"footnotes":""},"categories":[18295],"tags":[18336],"class_list":["post-56790","post","type-post","status-publish","format-standard","has-post-thumbnail","","category-sana-video","tag-filistinli-gencler-festival-duzenledi"],"_links":{"self":[{"href":"https:\/\/archive.sana.sy\/tr\/index.php?rest_route=\/wp\/v2\/posts\/56790","targetHints":{"allow":["GET"]}}],"collection":[{"href":"https:\/\/archive.sana.sy\/tr\/index.php?rest_route=\/wp\/v2\/posts"}],"about":[{"href":"https:\/\/archive.sana.sy\/tr\/index.php?rest_route=\/wp\/v2\/types\/post"}],"author":[{"embeddable":true,"href":"https:\/\/archive.sana.sy\/tr\/index.php?rest_route=\/wp\/v2\/users\/1"}],"replies":[{"embeddable":true,"href":"https:\/\/archive.sana.sy\/tr\/index.php?rest_route=%2Fwp%2Fv2%2Fcomments&post=56790"}],"version-history":[{"count":0,"href":"https:\/\/archive.sana.sy\/tr\/index.php?rest_route=\/wp\/v2\/posts\/56790\/revisions"}],"wp:featuredmedia":[{"embeddable":true,"href":"https:\/\/archive.sana.sy\/tr\/index.php?rest_route=\/wp\/v2\/media\/56791"}],"wp:attachment":[{"href":"https:\/\/archive.sana.sy\/tr\/index.php?rest_route=%2Fwp%2Fv2%2Fmedia&parent=56790"}],"wp:term":[{"taxonomy":"category","embeddable":true,"href":"https:\/\/archive.sana.sy\/tr\/index.php?rest_route=%2Fwp%2Fv2%2Fcategories&post=56790"},{"taxonomy":"post_tag","embeddable":true,"href":"https:\/\/archive.sana.sy\/tr\/index.php?rest_route=%2Fwp%2Fv2%2Ftags&post=56790"}],"curies":[{"name":"wp","href":"https:\/\/api.w.org\/{rel}","templated":true}]}}