{"id":56844,"date":"2016-01-02T12:31:08","date_gmt":"2016-01-02T10:31:08","guid":{"rendered":"http:\/\/www.sana.sy\/tr\/?p=56844"},"modified":"2016-01-02T12:31:08","modified_gmt":"2016-01-02T10:31:08","slug":"dusman-israil-ucaklari-gazzeyi-bombaladi","status":"publish","type":"post","link":"https:\/\/archive.sana.sy\/tr\/?p=56844","title":{"rendered":"D\u00fc\u015fman \u0130srail U\u00e7aklar\u0131 Gazze\u2019yi Bombalad\u0131"},"content":{"rendered":"<p>GAZZE \u2013 Siyonist \u0130srail sava\u015f u\u00e7aklar\u0131 bug\u00fcn erken saatlerde Gazze Kentinde bir dizi mevkileri bombalad\u0131.<\/p>\n<p>Filistinli bir g\u00fcvenlik kayna\u011f\u0131 AFP\u2019nin aktard\u0131\u011f\u0131 a\u00e7\u0131klamalar\u0131nda; \u0130srailli F-16 sava\u015f u\u00e7aklar\u0131n\u0131n g\u00fcn\u00fcn erken saatlerinde Gazze Kenti, Beyt Hanun, Rafah ve Gazze Kesiminin orta b\u00f6lgesinde bir dizi mevkie yeni d\u00fc\u015fmanc\u0131 sald\u0131r\u0131larda bulunduklar\u0131n\u0131 belirtti. Kaynak d\u00fc\u015fman sald\u0131r\u0131larda maddi hasarlar\u0131n olu\u015ftu\u011funu ifade ederken be\u015feri isabetler konusunda herhangi bir bilgi gelmedi\u011fini s\u00f6yledi.<\/p>\n","protected":false},"excerpt":{"rendered":"<p>GAZZE \u2013 Siyonist \u0130srail sava\u015f u\u00e7aklar\u0131 bug\u00fcn erken saatlerde Gazze Kentinde bir dizi mevkileri bombalad\u0131. Filistinli bir g\u00fcvenlik kayna\u011f\u0131 AFP\u2019nin aktard\u0131\u011f\u0131 a\u00e7\u0131klamalar\u0131nda; \u0130srailli F-16 sava\u015f u\u00e7aklar\u0131n\u0131n g\u00fcn\u00fcn erken saatlerinde Gazze Kenti, Beyt Hanun, Rafah ve Gazze Kesiminin orta b\u00f6lgesinde bir dizi mevkie yeni d\u00fc\u015fmanc\u0131 sald\u0131r\u0131larda bulunduklar\u0131n\u0131 belirtti. Kaynak d\u00fc\u015fman sald\u0131r\u0131larda maddi hasarlar\u0131n olu\u015ftu\u011funu ifade ederken &hellip;<\/p>\n","protected":false},"author":1,"featured_media":56849,"comment_status":"closed","ping_status":"closed","sticky":false,"template":"","format":"standard","meta":{"footnotes":""},"categories":[458,459,17988],"tags":[18342,18341],"class_list":["post-56844","post","type-post","status-publish","format-standard","has-post-thumbnail","","category-dunya1","category-haberler-arap-uluslararasi-politika","category-son-haberler","tag-gazze-kesimi","tag-israil-savas-ucaklari"],"_links":{"self":[{"href":"https:\/\/archive.sana.sy\/tr\/index.php?rest_route=\/wp\/v2\/posts\/56844","targetHints":{"allow":["GET"]}}],"collection":[{"href":"https:\/\/archive.sana.sy\/tr\/index.php?rest_route=\/wp\/v2\/posts"}],"about":[{"href":"https:\/\/archive.sana.sy\/tr\/index.php?rest_route=\/wp\/v2\/types\/post"}],"author":[{"embeddable":true,"href":"https:\/\/archive.sana.sy\/tr\/index.php?rest_route=\/wp\/v2\/users\/1"}],"replies":[{"embeddable":true,"href":"https:\/\/archive.sana.sy\/tr\/index.php?rest_route=%2Fwp%2Fv2%2Fcomments&post=56844"}],"version-history":[{"count":0,"href":"https:\/\/archive.sana.sy\/tr\/index.php?rest_route=\/wp\/v2\/posts\/56844\/revisions"}],"wp:featuredmedia":[{"embeddable":true,"href":"https:\/\/archive.sana.sy\/tr\/index.php?rest_route=\/wp\/v2\/media\/56849"}],"wp:attachment":[{"href":"https:\/\/archive.sana.sy\/tr\/index.php?rest_route=%2Fwp%2Fv2%2Fmedia&parent=56844"}],"wp:term":[{"taxonomy":"category","embeddable":true,"href":"https:\/\/archive.sana.sy\/tr\/index.php?rest_route=%2Fwp%2Fv2%2Fcategories&post=56844"},{"taxonomy":"post_tag","embeddable":true,"href":"https:\/\/archive.sana.sy\/tr\/index.php?rest_route=%2Fwp%2Fv2%2Ftags&post=56844"}],"curies":[{"name":"wp","href":"https:\/\/api.w.org\/{rel}","templated":true}]}}