{"id":56851,"date":"2016-01-02T16:51:35","date_gmt":"2016-01-02T14:51:35","guid":{"rendered":"http:\/\/www.sana.sy\/tr\/?p=56851"},"modified":"2016-01-03T12:31:04","modified_gmt":"2016-01-03T10:31:04","slug":"tekfirci-ceteler-yine-gelisiguzel-saldirilarda-bulundu","status":"publish","type":"post","link":"https:\/\/archive.sana.sy\/tr\/?p=56851","title":{"rendered":"Tekfirci \u00c7eteler Yine Geli\u015fig\u00fczel Sald\u0131r\u0131larda Bulundu"},"content":{"rendered":"<p>\u015eAM KIRSALI \u2013 Suudi Rejiminin destek ve finans temin etti\u011fi \u2018\u0130slam Ordusu\u2019 tekfircileri bug\u00fcn sivil yerle\u015fim alanlar\u0131na geli\u015fig\u00fczel f\u00fcze sald\u0131r\u0131lar\u0131n\u0131 s\u00fcrd\u00fcrd\u00fc.<\/p>\n<p>\u015eam \u00c7evre Kent Emniyet M\u00fcd\u00fcrl\u00fc\u011f\u00fcnde bir kaynak SANA\u2019ya yapt\u0131\u011f\u0131 a\u00e7\u0131klamada Do\u011fu \u011euta\u2019da bulunan \u0130slam Ordusu\u2019 tekfircilerinin \u015eam k\u0131rsal\u0131 Haresta Banliy\u00f6s\u00fcn\u00fc havan roketleriyle hedef ald\u0131klar\u0131n\u0131 s\u00f6yledi. Kaynak gaddar sald\u0131r\u0131da bir kad\u0131n\u0131n \u015fehit d\u00fc\u015ft\u00fc\u011f\u00fcn\u00fc, vatanda\u015flar\u0131n evlerinde de maddi hasarlar\u0131n olu\u015ftu\u011funu aktard\u0131.<\/p>\n<p>Ana karargahlar\u0131 Duma say\u0131lan ve Do\u011fu \u011euta\u2019n\u0131n muhtelif b\u00f6lgelerinde bulunan \u2018\u0130slam Ordusu\u2019 tekfircileri yeni y\u0131l\u0131n ba\u015flamas\u0131yla \u015eam ve k\u0131rsal\u0131nda sivil yerle\u015fim alanlar\u0131n\u0131 havan ve f\u00fcze ya\u011fmuruna tutmu\u015flard\u0131.<\/p>\n","protected":false},"excerpt":{"rendered":"<p>\u015eAM KIRSALI \u2013 Suudi Rejiminin destek ve finans temin etti\u011fi \u2018\u0130slam Ordusu\u2019 tekfircileri bug\u00fcn sivil yerle\u015fim alanlar\u0131na geli\u015fig\u00fczel f\u00fcze sald\u0131r\u0131lar\u0131n\u0131 s\u00fcrd\u00fcrd\u00fc. \u015eam \u00c7evre Kent Emniyet M\u00fcd\u00fcrl\u00fc\u011f\u00fcnde bir kaynak SANA\u2019ya yapt\u0131\u011f\u0131 a\u00e7\u0131klamada Do\u011fu \u011euta\u2019da bulunan \u0130slam Ordusu\u2019 tekfircilerinin \u015eam k\u0131rsal\u0131 Haresta Banliy\u00f6s\u00fcn\u00fc havan roketleriyle hedef ald\u0131klar\u0131n\u0131 s\u00f6yledi. Kaynak gaddar sald\u0131r\u0131da bir kad\u0131n\u0131n \u015fehit d\u00fc\u015ft\u00fc\u011f\u00fcn\u00fc, vatanda\u015flar\u0131n evlerinde &hellip;<\/p>\n","protected":false},"author":1,"featured_media":56855,"comment_status":"closed","ping_status":"closed","sticky":false,"template":"","format":"standard","meta":{"footnotes":""},"categories":[575,17988],"tags":[18344,18343,13459,17320],"class_list":["post-56851","post","type-post","status-publish","format-standard","has-post-thumbnail","","category-olaylar-ve-gercekler","category-son-haberler","tag-gelisiguzel-saldirilar","tag-havan-saldirilar","tag-islam-ordusu","tag-tekfirciler"],"_links":{"self":[{"href":"https:\/\/archive.sana.sy\/tr\/index.php?rest_route=\/wp\/v2\/posts\/56851","targetHints":{"allow":["GET"]}}],"collection":[{"href":"https:\/\/archive.sana.sy\/tr\/index.php?rest_route=\/wp\/v2\/posts"}],"about":[{"href":"https:\/\/archive.sana.sy\/tr\/index.php?rest_route=\/wp\/v2\/types\/post"}],"author":[{"embeddable":true,"href":"https:\/\/archive.sana.sy\/tr\/index.php?rest_route=\/wp\/v2\/users\/1"}],"replies":[{"embeddable":true,"href":"https:\/\/archive.sana.sy\/tr\/index.php?rest_route=%2Fwp%2Fv2%2Fcomments&post=56851"}],"version-history":[{"count":0,"href":"https:\/\/archive.sana.sy\/tr\/index.php?rest_route=\/wp\/v2\/posts\/56851\/revisions"}],"wp:featuredmedia":[{"embeddable":true,"href":"https:\/\/archive.sana.sy\/tr\/index.php?rest_route=\/wp\/v2\/media\/56855"}],"wp:attachment":[{"href":"https:\/\/archive.sana.sy\/tr\/index.php?rest_route=%2Fwp%2Fv2%2Fmedia&parent=56851"}],"wp:term":[{"taxonomy":"category","embeddable":true,"href":"https:\/\/archive.sana.sy\/tr\/index.php?rest_route=%2Fwp%2Fv2%2Fcategories&post=56851"},{"taxonomy":"post_tag","embeddable":true,"href":"https:\/\/archive.sana.sy\/tr\/index.php?rest_route=%2Fwp%2Fv2%2Ftags&post=56851"}],"curies":[{"name":"wp","href":"https:\/\/api.w.org\/{rel}","templated":true}]}}