{"id":56858,"date":"2016-01-02T17:25:56","date_gmt":"2016-01-02T15:25:56","guid":{"rendered":"http:\/\/www.sana.sy\/tr\/?p=56858"},"modified":"2016-01-03T14:34:48","modified_gmt":"2016-01-03T12:34:48","slug":"vatan-koruyucularimiz-vatan-ve-halki-koruma-ahdindeler","status":"publish","type":"post","link":"https:\/\/archive.sana.sy\/tr\/?p=56858","title":{"rendered":"Vatan Koruyucular\u0131m\u0131z Vatan ve Halk\u0131 Koruma Ahdindeler"},"content":{"rendered":"<p>\u0130LLER \u2013 Yurdun muhtelif b\u00f6lgelerinde vatan ve halk\u0131 koruma ahdini s\u00fcrd\u00fcren ordu birliklerimiz bug\u00fcn de \u00e7okuluslu tekfirci ve vatan haini ter\u00f6ristleri say\u0131 ve cephaneleriyle a\u011f\u0131r kay\u0131plara u\u011fratmaya devam etti.<\/p>\n<p><span style=\"color: #0000ff\">DERA:<\/span><\/p>\n<p>SANA\u2019ya konu\u015fan askeri bir kaynak Dera\u2019da \u0130srail destekli Kaide \u00d6rg\u00fct\u00fcn\u00fcn Suriye kolu olan Nusra Cephesi ve \u00e7at\u0131s\u0131 alt\u0131ndaki di\u011fer ter\u00f6r \u00f6rg\u00fctlere kar\u015f\u0131 operasyonlar\u0131n\u0131 ba\u015far\u0131yla s\u00fcrd\u00fcren ordu birliklerimizin Dera Mahatta ve Dera Beled b\u00f6lgelerinin bir\u00e7ok mevkiinde tekfircilerin karargah ve ara\u00e7lar\u0131n\u0131 muhtevalar\u0131yla imha ettiklerini s\u00f6yledi.<\/p>\n<p>Tekfirci ter\u00f6ristler medya ara\u00e7lar\u0131nda Dera\u2019da son birka\u00e7 g\u00fcn i\u00e7inde say\u0131 ve ara\u00e7lar\u0131yla b\u00fcy\u00fck kay\u0131plar verdiklerini itiraf ederlerken, \u00f6len ter\u00f6ristler aras\u0131nda bariz isimlerin bulundu\u011funa dikkat \u00e7ekti.<\/p>\n<p>Bu arada ordu birliklerimiz Dera k\u0131rsal\u0131 \u015eeyh Meskin Kentinde \u00f6nemli ilerlemeler kaydetme ve kontrolleri alt\u0131ndaki b\u00f6lgeleri geni\u015fletmeye devam ederlerken; ter\u00f6ristler aralar\u0131nda tehlikeli isimlerin bulundu\u011fu en az 50 ter\u00f6ristinin \u00f6ld\u00fc\u011f\u00fcn\u00fc, 50\u2019si a\u011f\u0131r 250\u2019den fazla ter\u00f6ristinin de yaraland\u0131\u011f\u0131n\u0131 itiraf etti. Ter\u00f6ristler \u015eeyh Meskin\u2019de \u00f6len ter\u00f6ristlerin aras\u0131nda \u2018Cund el Rahman T\u00fcmeni\u2019nin s\u00f6zde askeri komutan\u0131, Nusra Cephesinin b\u00f6lge sorumlusu, \u2018Horan \u015eehitleri Alay\u0131\u2019n\u0131n askeri komutan\u0131 ve \u2018Muhacirin ve Ansar T\u00fcmeni\u2019nde iki bariz komutan\u0131n bulundu\u011funu belirtti.<\/p>\n<p><span style=\"color: #0000ff\">LAZK\u0130YE:<\/span><\/p>\n<p>Saha kaynaklar\u0131 SANA muhabirine a\u00e7\u0131klamalar\u0131nda; Lazkiye k\u0131rsal\u0131nda Erdo\u011fan rejiminin destek ve komutas\u0131ndaki \u00e7okuluslu tekfirci ter\u00f6ristlerin k\u00f6t\u00fc hava ko\u015fullar\u0131 ve yo\u011fun sisi f\u0131rsat kullanarak kalabal\u0131k say\u0131larla Burc el Kasab K\u00f6y\u00fcne sald\u0131r\u0131 giri\u015fiminde bulunduklar\u0131n\u0131 belirtti.<\/p>\n<p>Kaynaklar k\u00f6y\u00fcn kenarlar\u0131nda ya\u015fanan \u015fiddetli \u00e7at\u0131\u015fmalarda sald\u0131rganlardan onlarcas\u0131n\u0131n \u00f6ld\u00fcr\u00fcld\u00fc\u011f\u00fcn\u00fc belirtirken, say\u0131 ve ara\u00e7lar\u0131yla b\u00fcy\u00fck kay\u0131plar veren ter\u00f6ristlerin arkalar\u0131nda ceset ve silahlar\u0131n\u0131 b\u0131rak\u0131p ka\u00e7t\u0131klar\u0131n\u0131 aktard\u0131.<\/p>\n<p>Ordu birliklerimiz ge\u00e7en \u00c7ar\u015famba g\u00fcn\u00fc Erdo\u011fan \u00e7etelerinin son mevki ve yuvalar\u0131n\u0131 bertaraf etmeleri ard\u0131ndan halk savunma g\u00fc\u00e7leriyle i\u015fbirli\u011fi i\u00e7inde beldeyi kontrollerine ge\u00e7irmi\u015flerdi.<\/p>\n<p><span style=\"color: #0000ff\">\u0130DL\u0130B:<\/span><\/p>\n<p>\u00d6te yandan saha kaynaklar\u0131 SANA\u2019ya a\u00e7\u0131klamalar\u0131nda; \u0130dlib k\u0131rsal\u0131n\u0131n g\u00fcneyinde katil Erdo\u011fan rejimine ba\u011fl\u0131 \u2018Fetih Ordusu\u2019na y\u00f6nelik nitelikli operasyonlar\u0131n\u0131 s\u00fcrd\u00fcren ordu birliklerimizin; Maartiyk K\u00f6y\u00fcnde ter\u00f6r \u00f6rg\u00fctlerin hareket eksenlerini hedef almalar\u0131yla silah ve m\u00fchimmat ta\u015f\u0131yan 4 arac\u0131n\u0131 imha edip en az 10 ter\u00f6risti \u00f6ld\u00fcrd\u00fcklerini s\u00f6yledi.<\/p>\n<p>Saha kaynaklar\u0131 ter\u00f6ristlerin son bir ka\u00e7 hafta i\u00e7inde ordu birliklerimizin kar\u015f\u0131s\u0131nda b\u00fcy\u00fck kay\u0131plar vermeleriyle ciddi bir psikolojik \u00e7\u00f6k\u00fc\u015f ya\u015fad\u0131klar\u0131n\u0131 ve birbirlerine kar\u015f\u0131l\u0131kl\u0131 su\u00e7lamalarda bulunup tasfiye eylemlerinde bulunduklar\u0131n\u0131 belirtti. Kaynaklar Ahrar el \u015eam \u0130slami Hareketi komutanlar\u0131ndan Muhammed Ebu Yahya\u2019n\u0131n yan\u0131 s\u0131ra Ahrar el \u015eam T\u00fcmenleri Komutan\u0131 olarak adland\u0131r\u0131lan ve \u2018Ebu Temim lakab\u0131yla bilinen Abd\u00fclkadir Dabian\u2019\u0131n Cercanaz B\u00f6lgesinde tasfiye edildiklerini ifade etti.<\/p>\n<p><span style=\"color: #0000ff\">HAMA:<\/span><\/p>\n<p>Hama Kentinin 35 km kuzeyine d\u00fc\u015fen Latamina Beldesinde de ordu birliklerimizin \u2018Ezza Toplulu\u011fu\u2019na kar\u015f\u0131 ba\u015far\u0131l\u0131 operasyonlar ger\u00e7ekle\u015ftirdiklerini ifade eden saha kaynaklar\u0131; aralar\u0131nda Ahmet \u0130zzettin Pa\u015fa adl\u0131 ter\u00f6r eleba\u015f\u0131n\u0131n bulundu\u011fu 11 ter\u00f6risti \u00f6ld\u00fcrd\u00fcklerini aktard\u0131. Ayn\u0131 kaynaklar s\u00f6z konusu operasyonlarda ter\u00f6ristlerin kulland\u0131klar\u0131 2 TOW f\u00fcze rampas\u0131 ve 5 TOW f\u00fczesini imha ettiklerini s\u00f6yledi.<\/p>\n<p>Do\u011fu Lahaya K\u00f6y\u00fcnde ordu birliklerimizin tekfirci \u00e7etelere ait bir havan rampas\u0131 ve bir toplanma yerini muhtevalar\u0131yla imha ettiklerini ifade eden kaynaklar; Hama \u0130linin yakla\u015f\u0131k 40 km kuzeyine d\u00fc\u015fen Latmin K\u00f6y\u00fcnde de \u2018Fetih Ordusu\u2019na tabi \u00e7ok say\u0131da ter\u00f6risti ekipmanlar\u0131yla birlikte etkisiz hale getirdiklerini s\u00f6zlerine ekledi.<\/p>\n<p>Ayn\u0131 kaynaklar ordu birliklerimizin Morik kentinde de \u2018Fetih Ordusu\u2019 \u00e7etelerini say\u0131 ve ekipmanlar\u0131yla ciddi kay\u0131plara u\u011fratt\u0131klar\u0131n\u0131 s\u00f6yledi.<\/p>\n<p>\u0130stihbarat ve medya raporlar\u0131 \u0130dlib ve Hama k\u0131rsallar\u0131nda faaliyet g\u00f6steren \u00e7okuluslu tekfirci ter\u00f6r \u00e7etelerin Suudi rejiminin finans\u0131 ve Erdo\u011fan rejiminin deste\u011fi ile TOW f\u00fczelerini ABD\u2019den temin ettiklerini belirtiyor.<\/p>\n<p>https:\/\/www.youtube.com\/watch?v=XWbGur6-qJs<\/p>\n","protected":false},"excerpt":{"rendered":"<p>\u0130LLER \u2013 Yurdun muhtelif b\u00f6lgelerinde vatan ve halk\u0131 koruma ahdini s\u00fcrd\u00fcren ordu birliklerimiz bug\u00fcn de \u00e7okuluslu tekfirci ve vatan haini ter\u00f6ristleri say\u0131 ve cephaneleriyle a\u011f\u0131r kay\u0131plara u\u011fratmaya devam etti. DERA: SANA\u2019ya konu\u015fan askeri bir kaynak Dera\u2019da \u0130srail destekli Kaide \u00d6rg\u00fct\u00fcn\u00fcn Suriye kolu olan Nusra Cephesi ve \u00e7at\u0131s\u0131 alt\u0131ndaki di\u011fer ter\u00f6r \u00f6rg\u00fctlere kar\u015f\u0131 operasyonlar\u0131n\u0131 ba\u015far\u0131yla s\u00fcrd\u00fcren &hellip;<\/p>\n","protected":false},"author":1,"featured_media":56863,"comment_status":"closed","ping_status":"closed","sticky":false,"template":"","format":"standard","meta":{"footnotes":""},"categories":[575],"tags":[3464,18237,2695,18347,4663,17320,2930],"class_list":["post-56858","post","type-post","status-publish","format-standard","has-post-thumbnail","","category-olaylar-ve-gercekler","tag-nusra-cephesi","tag-cihatcilar","tag-ordu-birliklerimiz","tag-oso","tag-seyh-meskin","tag-tekfirciler","tag-teroristler"],"_links":{"self":[{"href":"https:\/\/archive.sana.sy\/tr\/index.php?rest_route=\/wp\/v2\/posts\/56858","targetHints":{"allow":["GET"]}}],"collection":[{"href":"https:\/\/archive.sana.sy\/tr\/index.php?rest_route=\/wp\/v2\/posts"}],"about":[{"href":"https:\/\/archive.sana.sy\/tr\/index.php?rest_route=\/wp\/v2\/types\/post"}],"author":[{"embeddable":true,"href":"https:\/\/archive.sana.sy\/tr\/index.php?rest_route=\/wp\/v2\/users\/1"}],"replies":[{"embeddable":true,"href":"https:\/\/archive.sana.sy\/tr\/index.php?rest_route=%2Fwp%2Fv2%2Fcomments&post=56858"}],"version-history":[{"count":0,"href":"https:\/\/archive.sana.sy\/tr\/index.php?rest_route=\/wp\/v2\/posts\/56858\/revisions"}],"wp:featuredmedia":[{"embeddable":true,"href":"https:\/\/archive.sana.sy\/tr\/index.php?rest_route=\/wp\/v2\/media\/56863"}],"wp:attachment":[{"href":"https:\/\/archive.sana.sy\/tr\/index.php?rest_route=%2Fwp%2Fv2%2Fmedia&parent=56858"}],"wp:term":[{"taxonomy":"category","embeddable":true,"href":"https:\/\/archive.sana.sy\/tr\/index.php?rest_route=%2Fwp%2Fv2%2Fcategories&post=56858"},{"taxonomy":"post_tag","embeddable":true,"href":"https:\/\/archive.sana.sy\/tr\/index.php?rest_route=%2Fwp%2Fv2%2Ftags&post=56858"}],"curies":[{"name":"wp","href":"https:\/\/api.w.org\/{rel}","templated":true}]}}