{"id":56860,"date":"2016-01-02T08:33:07","date_gmt":"2016-01-02T06:33:07","guid":{"rendered":"http:\/\/www.sana.sy\/tr\/?p=56860"},"modified":"2016-01-02T13:51:36","modified_gmt":"2016-01-02T11:51:36","slug":"hareketin-bariz-komutanlarindan-biri-olduruldu","status":"publish","type":"post","link":"https:\/\/archive.sana.sy\/tr\/?p=56860","title":{"rendered":"Hareketin Bariz Komutanlar\u0131ndan Biri \u00d6ld\u00fcr\u00fcld\u00fc"},"content":{"rendered":"<p>\u0130DL\u0130B \u2013 \u0130dlib k\u0131rsal\u0131nda Erdo\u011fan ve rejiminin talimat ve destekleriyle faaliyet g\u00f6steren ve saflar\u0131ndaki tekfirci ter\u00f6ristlerin \u00e7o\u011funun yabanc\u0131 olan \u2018Ahrar el \u015eam \u0130slami Hareketi\u2019 bariz eleba\u015flar\u0131ndan Abd\u00fclkadir Dabian\u2019\u0131n \u00f6ld\u00fcr\u00fcld\u00fc\u011f\u00fcn\u00fc itiraf etti.<\/p>\n<p>Ter\u00f6ristler medya ara\u00e7lar\u0131nda me\u00e7hul ki\u015filerin \u0130dlib k\u0131rsal\u0131n\u0131n Cercenaz Beldesi yolu \u00fczerinde yerle\u015ftirdikleri bir bomba d\u00fczene\u011fini s\u00f6z konusu ter\u00f6r eleba\u015f\u0131n\u0131n ge\u00e7i\u015fi s\u0131ras\u0131nda havaya u\u00e7urduklar\u0131n\u0131 aktar\u0131rken, bunun sonucunda hareketin bariz \u2018askeri komutanlar\u0131ndan\u2019 \u2018Ebu Temim\u2019 lakapl\u0131 Debian\u2019\u0131n \u00f6ld\u00fc\u011f\u00fcn\u00fc belirtti.<\/p>\n<p>Vahhabi ideolojiyi benimsemesiyle Suudi ve Erdo\u011fan rejimlerinden s\u0131n\u0131rs\u0131z destek alan Ahrar el \u015eam; \u2018Fetih Ordusu\u2019 kiral\u0131k ter\u00f6r \u00e7etelerinin de bariz bile\u015fenlerinden biri say\u0131l\u0131yor.<\/p>\n","protected":false},"excerpt":{"rendered":"<p>\u0130DL\u0130B \u2013 \u0130dlib k\u0131rsal\u0131nda Erdo\u011fan ve rejiminin talimat ve destekleriyle faaliyet g\u00f6steren ve saflar\u0131ndaki tekfirci ter\u00f6ristlerin \u00e7o\u011funun yabanc\u0131 olan \u2018Ahrar el \u015eam \u0130slami Hareketi\u2019 bariz eleba\u015flar\u0131ndan Abd\u00fclkadir Dabian\u2019\u0131n \u00f6ld\u00fcr\u00fcld\u00fc\u011f\u00fcn\u00fc itiraf etti. Ter\u00f6ristler medya ara\u00e7lar\u0131nda me\u00e7hul ki\u015filerin \u0130dlib k\u0131rsal\u0131n\u0131n Cercenaz Beldesi yolu \u00fczerinde yerle\u015ftirdikleri bir bomba d\u00fczene\u011fini s\u00f6z konusu ter\u00f6r eleba\u015f\u0131n\u0131n ge\u00e7i\u015fi s\u0131ras\u0131nda havaya u\u00e7urduklar\u0131n\u0131 aktar\u0131rken, &hellip;<\/p>\n","protected":false},"author":1,"featured_media":56861,"comment_status":"closed","ping_status":"closed","sticky":false,"template":"","format":"standard","meta":{"footnotes":""},"categories":[575,17988],"tags":[18345,18066,15787,14147,18346],"class_list":["post-56860","post","type-post","status-publish","format-standard","has-post-thumbnail","","category-olaylar-ve-gercekler","category-son-haberler","tag-ahrar-el-sam-islami-hareketi","tag-erdogan-rejimi","tag-fetih-ordusu","tag-suudi-rejimi","tag-teror-orgutler"],"_links":{"self":[{"href":"https:\/\/archive.sana.sy\/tr\/index.php?rest_route=\/wp\/v2\/posts\/56860","targetHints":{"allow":["GET"]}}],"collection":[{"href":"https:\/\/archive.sana.sy\/tr\/index.php?rest_route=\/wp\/v2\/posts"}],"about":[{"href":"https:\/\/archive.sana.sy\/tr\/index.php?rest_route=\/wp\/v2\/types\/post"}],"author":[{"embeddable":true,"href":"https:\/\/archive.sana.sy\/tr\/index.php?rest_route=\/wp\/v2\/users\/1"}],"replies":[{"embeddable":true,"href":"https:\/\/archive.sana.sy\/tr\/index.php?rest_route=%2Fwp%2Fv2%2Fcomments&post=56860"}],"version-history":[{"count":0,"href":"https:\/\/archive.sana.sy\/tr\/index.php?rest_route=\/wp\/v2\/posts\/56860\/revisions"}],"wp:featuredmedia":[{"embeddable":true,"href":"https:\/\/archive.sana.sy\/tr\/index.php?rest_route=\/wp\/v2\/media\/56861"}],"wp:attachment":[{"href":"https:\/\/archive.sana.sy\/tr\/index.php?rest_route=%2Fwp%2Fv2%2Fmedia&parent=56860"}],"wp:term":[{"taxonomy":"category","embeddable":true,"href":"https:\/\/archive.sana.sy\/tr\/index.php?rest_route=%2Fwp%2Fv2%2Fcategories&post=56860"},{"taxonomy":"post_tag","embeddable":true,"href":"https:\/\/archive.sana.sy\/tr\/index.php?rest_route=%2Fwp%2Fv2%2Ftags&post=56860"}],"curies":[{"name":"wp","href":"https:\/\/api.w.org\/{rel}","templated":true}]}}