{"id":56868,"date":"2016-01-03T11:13:44","date_gmt":"2016-01-03T09:13:44","guid":{"rendered":"http:\/\/www.sana.sy\/tr\/?p=56868"},"modified":"2016-01-03T11:13:44","modified_gmt":"2016-01-03T09:13:44","slug":"sam-beyrut-otoyolu-karlarin-altinda","status":"publish","type":"post","link":"https:\/\/archive.sana.sy\/tr\/?p=56868","title":{"rendered":"\u015eam \u2013 Beyrut otoyolu karlar\u0131n alt\u0131nda"},"content":{"rendered":"<p>\u015eam \u2013 Beyrut otoyolu karlar\u0131n alt\u0131nda<\/p>\n<p>https:\/\/www.youtube.com\/watch?v=Pw25deF0QVw<\/p>\n<p>R.H.<\/p>\n","protected":false},"excerpt":{"rendered":"<p>\u015eam \u2013 Beyrut otoyolu karlar\u0131n alt\u0131nda https:\/\/www.youtube.com\/watch?v=Pw25deF0QVw R.H.<\/p>\n","protected":false},"author":1,"featured_media":56874,"comment_status":"closed","ping_status":"closed","sticky":false,"template":"","format":"standard","meta":{"footnotes":""},"categories":[18295],"tags":[18348],"class_list":["post-56868","post","type-post","status-publish","format-standard","has-post-thumbnail","","category-sana-video","tag-sam-beyrut-otoyolu-karlarin-altinda"],"_links":{"self":[{"href":"https:\/\/archive.sana.sy\/tr\/index.php?rest_route=\/wp\/v2\/posts\/56868","targetHints":{"allow":["GET"]}}],"collection":[{"href":"https:\/\/archive.sana.sy\/tr\/index.php?rest_route=\/wp\/v2\/posts"}],"about":[{"href":"https:\/\/archive.sana.sy\/tr\/index.php?rest_route=\/wp\/v2\/types\/post"}],"author":[{"embeddable":true,"href":"https:\/\/archive.sana.sy\/tr\/index.php?rest_route=\/wp\/v2\/users\/1"}],"replies":[{"embeddable":true,"href":"https:\/\/archive.sana.sy\/tr\/index.php?rest_route=%2Fwp%2Fv2%2Fcomments&post=56868"}],"version-history":[{"count":0,"href":"https:\/\/archive.sana.sy\/tr\/index.php?rest_route=\/wp\/v2\/posts\/56868\/revisions"}],"wp:featuredmedia":[{"embeddable":true,"href":"https:\/\/archive.sana.sy\/tr\/index.php?rest_route=\/wp\/v2\/media\/56874"}],"wp:attachment":[{"href":"https:\/\/archive.sana.sy\/tr\/index.php?rest_route=%2Fwp%2Fv2%2Fmedia&parent=56868"}],"wp:term":[{"taxonomy":"category","embeddable":true,"href":"https:\/\/archive.sana.sy\/tr\/index.php?rest_route=%2Fwp%2Fv2%2Fcategories&post=56868"},{"taxonomy":"post_tag","embeddable":true,"href":"https:\/\/archive.sana.sy\/tr\/index.php?rest_route=%2Fwp%2Fv2%2Ftags&post=56868"}],"curies":[{"name":"wp","href":"https:\/\/api.w.org\/{rel}","templated":true}]}}