{"id":56872,"date":"2016-01-03T11:10:20","date_gmt":"2016-01-03T09:10:20","guid":{"rendered":"http:\/\/www.sana.sy\/tr\/?p=56872"},"modified":"2016-01-03T11:10:20","modified_gmt":"2016-01-03T09:10:20","slug":"hava-guclerimiz-halep-kirsalinin-ncara-homs-kirsalinin-da-karyeteyn-bolgelerinde-tekfirci-teroristlerin-mevki-ve-araclarini-imha-etti","status":"publish","type":"post","link":"https:\/\/archive.sana.sy\/tr\/?p=56872","title":{"rendered":"Hava g\u00fc\u00e7lerimiz Halep k\u0131rsal\u0131n\u0131n Ncara, Homs k\u0131rsal\u0131n\u0131n da Karyeteyn b\u00f6lgelerinde tekfirci ter\u00f6ristlerin mevki ve ara\u00e7lar\u0131n\u0131 imha etti"},"content":{"rendered":"<p>Hava g\u00fc\u00e7lerimiz Halep k\u0131rsal\u0131n\u0131n Ncara, Homs k\u0131rsal\u0131n\u0131n da Karyeteyn b\u00f6lgelerinde tekfirci ter\u00f6ristlerin mevki ve ara\u00e7lar\u0131n\u0131 imha etti<\/p>\n","protected":false},"excerpt":{"rendered":"<p>Hava g\u00fc\u00e7lerimiz Halep k\u0131rsal\u0131n\u0131n Ncara, Homs k\u0131rsal\u0131n\u0131n da Karyeteyn b\u00f6lgelerinde tekfirci ter\u00f6ristlerin mevki ve ara\u00e7lar\u0131n\u0131 imha etti<\/p>\n","protected":false},"author":1,"featured_media":0,"comment_status":"closed","ping_status":"closed","sticky":false,"template":"","format":"standard","meta":{"footnotes":""},"categories":[17991],"tags":[],"class_list":["post-56872","post","type-post","status-publish","format-standard","","category-son-dakika"],"_links":{"self":[{"href":"https:\/\/archive.sana.sy\/tr\/index.php?rest_route=\/wp\/v2\/posts\/56872","targetHints":{"allow":["GET"]}}],"collection":[{"href":"https:\/\/archive.sana.sy\/tr\/index.php?rest_route=\/wp\/v2\/posts"}],"about":[{"href":"https:\/\/archive.sana.sy\/tr\/index.php?rest_route=\/wp\/v2\/types\/post"}],"author":[{"embeddable":true,"href":"https:\/\/archive.sana.sy\/tr\/index.php?rest_route=\/wp\/v2\/users\/1"}],"replies":[{"embeddable":true,"href":"https:\/\/archive.sana.sy\/tr\/index.php?rest_route=%2Fwp%2Fv2%2Fcomments&post=56872"}],"version-history":[{"count":0,"href":"https:\/\/archive.sana.sy\/tr\/index.php?rest_route=\/wp\/v2\/posts\/56872\/revisions"}],"wp:attachment":[{"href":"https:\/\/archive.sana.sy\/tr\/index.php?rest_route=%2Fwp%2Fv2%2Fmedia&parent=56872"}],"wp:term":[{"taxonomy":"category","embeddable":true,"href":"https:\/\/archive.sana.sy\/tr\/index.php?rest_route=%2Fwp%2Fv2%2Fcategories&post=56872"},{"taxonomy":"post_tag","embeddable":true,"href":"https:\/\/archive.sana.sy\/tr\/index.php?rest_route=%2Fwp%2Fv2%2Ftags&post=56872"}],"curies":[{"name":"wp","href":"https:\/\/api.w.org\/{rel}","templated":true}]}}