{"id":56887,"date":"2016-01-03T16:45:32","date_gmt":"2016-01-03T14:45:32","guid":{"rendered":"http:\/\/www.sana.sy\/tr\/?p=56887"},"modified":"2016-01-04T16:07:26","modified_gmt":"2016-01-04T14:07:26","slug":"hindistana-4-gun-surecek-ziyarette-bulunacak","status":"publish","type":"post","link":"https:\/\/archive.sana.sy\/tr\/?p=56887","title":{"rendered":"Hindistan\u2019a 4 G\u00fcn S\u00fcrecek Ziyarette Bulunacak"},"content":{"rendered":"<p>\u015eAM \u2013 Ba\u015fbakan Yard\u0131mc\u0131s\u0131 D\u0131\u015fi\u015fleri ve Gurbet\u00e7iler Bakan\u0131 Velid el Muallim 11 Aral\u0131k tarihinde Hindistan\u2019a 4 g\u00fcn s\u00fcrecek resmi bir ziyarette bulunacak.<\/p>\n<p>D\u0131\u015fi\u015fleri Bakanl\u0131\u011f\u0131nda yetkili bir kaynak Muallim\u2019in s\u00f6z konusu ziyaretinde Hindistan\u2019l\u0131 \u00fcst d\u00fczey yetkililerle iki \u00fclke aras\u0131ndaki ili\u015fkileri muhtelif alanlarda geli\u015ftirme olanaklar\u0131 ve b\u00f6lgedeki son geli\u015fmeleri masaya yat\u0131raca\u011f\u0131n\u0131 a\u00e7\u0131klad\u0131.<\/p>\n<p>R.H.<\/p>\n","protected":false},"excerpt":{"rendered":"<p>\u015eAM \u2013 Ba\u015fbakan Yard\u0131mc\u0131s\u0131 D\u0131\u015fi\u015fleri ve Gurbet\u00e7iler Bakan\u0131 Velid el Muallim 11 Aral\u0131k tarihinde Hindistan\u2019a 4 g\u00fcn s\u00fcrecek resmi bir ziyarette bulunacak. D\u0131\u015fi\u015fleri Bakanl\u0131\u011f\u0131nda yetkili bir kaynak Muallim\u2019in s\u00f6z konusu ziyaretinde Hindistan\u2019l\u0131 \u00fcst d\u00fczey yetkililerle iki \u00fclke aras\u0131ndaki ili\u015fkileri muhtelif alanlarda geli\u015ftirme olanaklar\u0131 ve b\u00f6lgedeki son geli\u015fmeleri masaya yat\u0131raca\u011f\u0131n\u0131 a\u00e7\u0131klad\u0131. R.H.<\/p>\n","protected":false},"author":1,"featured_media":33110,"comment_status":"closed","ping_status":"closed","sticky":false,"template":"","format":"standard","meta":{"footnotes":""},"categories":[479,17988,478],"tags":[16772,4348],"class_list":["post-56887","post","type-post","status-publish","format-standard","has-post-thumbnail","","category-haberler-yerel","category-son-haberler","category-yerel","tag-basbakan-yardimcisi-disisleri-ve-gurbetciler-bakani-velid-el-muallim","tag-hindistan"],"_links":{"self":[{"href":"https:\/\/archive.sana.sy\/tr\/index.php?rest_route=\/wp\/v2\/posts\/56887","targetHints":{"allow":["GET"]}}],"collection":[{"href":"https:\/\/archive.sana.sy\/tr\/index.php?rest_route=\/wp\/v2\/posts"}],"about":[{"href":"https:\/\/archive.sana.sy\/tr\/index.php?rest_route=\/wp\/v2\/types\/post"}],"author":[{"embeddable":true,"href":"https:\/\/archive.sana.sy\/tr\/index.php?rest_route=\/wp\/v2\/users\/1"}],"replies":[{"embeddable":true,"href":"https:\/\/archive.sana.sy\/tr\/index.php?rest_route=%2Fwp%2Fv2%2Fcomments&post=56887"}],"version-history":[{"count":0,"href":"https:\/\/archive.sana.sy\/tr\/index.php?rest_route=\/wp\/v2\/posts\/56887\/revisions"}],"wp:featuredmedia":[{"embeddable":true,"href":"https:\/\/archive.sana.sy\/tr\/index.php?rest_route=\/wp\/v2\/media\/33110"}],"wp:attachment":[{"href":"https:\/\/archive.sana.sy\/tr\/index.php?rest_route=%2Fwp%2Fv2%2Fmedia&parent=56887"}],"wp:term":[{"taxonomy":"category","embeddable":true,"href":"https:\/\/archive.sana.sy\/tr\/index.php?rest_route=%2Fwp%2Fv2%2Fcategories&post=56887"},{"taxonomy":"post_tag","embeddable":true,"href":"https:\/\/archive.sana.sy\/tr\/index.php?rest_route=%2Fwp%2Fv2%2Ftags&post=56887"}],"curies":[{"name":"wp","href":"https:\/\/api.w.org\/{rel}","templated":true}]}}