{"id":5689,"date":"2014-07-22T16:08:44","date_gmt":"2014-07-22T13:08:44","guid":{"rendered":"http:\/\/www.sana.sy\/tr\/?p=5689"},"modified":"2014-07-22T16:08:55","modified_gmt":"2014-07-22T13:08:55","slug":"bayram-tatili-pazar-gunu-basliyor","status":"publish","type":"post","link":"https:\/\/archive.sana.sy\/tr\/?p=5689","title":{"rendered":"Bayram Tatili Pazar G\u00fcn\u00fc Ba\u015fl\u0131yor"},"content":{"rendered":"<p>\u015eAM \u2013 \u0130\u015flemleri Y\u00fcr\u00fctmekle M\u00fckellef Kabine Ba\u015fkan\u0131 Vail Halaki; kamu kurumlar\u0131n\u0131n \u015eeker Bayram\u0131 m\u00fcnasebetiyle 27 Temmuz Pazar g\u00fcn\u00fcnden 30 Temmuz Per\u015fembe g\u00fcn\u00fcne kadar tatil olacaklar\u0131n\u0131 a\u00e7\u0131klad\u0131.<\/p>\n<p>Halaki anayasan\u0131n 43. Maddesi \u00e7er\u00e7evesinde belirlenen ve ilan edilen bayram tatili s\u00fcresince, sa\u011fl\u0131k ve g\u00fcvenlik gibi s\u00fcrekli i\u015flemesi gereken sekt\u00f6r kurumlar\u0131n\u0131n g\u00f6revlerini s\u00fcrd\u00fcreceklerini belirtti.<\/p>\n","protected":false},"excerpt":{"rendered":"<p>\u015eAM \u2013 \u0130\u015flemleri Y\u00fcr\u00fctmekle M\u00fckellef Kabine Ba\u015fkan\u0131 Vail Halaki; kamu kurumlar\u0131n\u0131n \u015eeker Bayram\u0131 m\u00fcnasebetiyle 27 Temmuz Pazar g\u00fcn\u00fcnden 30 Temmuz Per\u015fembe g\u00fcn\u00fcne kadar tatil olacaklar\u0131n\u0131 a\u00e7\u0131klad\u0131. Halaki anayasan\u0131n 43. Maddesi \u00e7er\u00e7evesinde belirlenen ve ilan edilen bayram tatili s\u00fcresince, sa\u011fl\u0131k ve g\u00fcvenlik gibi s\u00fcrekli i\u015flemesi gereken sekt\u00f6r kurumlar\u0131n\u0131n g\u00f6revlerini s\u00fcrd\u00fcreceklerini belirtti.<\/p>\n","protected":false},"author":1,"featured_media":5690,"comment_status":"closed","ping_status":"closed","sticky":false,"template":"","format":"standard","meta":{"footnotes":""},"categories":[479,478],"tags":[1240],"class_list":["post-5689","post","type-post","status-publish","format-standard","has-post-thumbnail","","category-haberler-yerel","category-yerel","tag-bayram-tatili-pazar-gunu-basliyor"],"_links":{"self":[{"href":"https:\/\/archive.sana.sy\/tr\/index.php?rest_route=\/wp\/v2\/posts\/5689","targetHints":{"allow":["GET"]}}],"collection":[{"href":"https:\/\/archive.sana.sy\/tr\/index.php?rest_route=\/wp\/v2\/posts"}],"about":[{"href":"https:\/\/archive.sana.sy\/tr\/index.php?rest_route=\/wp\/v2\/types\/post"}],"author":[{"embeddable":true,"href":"https:\/\/archive.sana.sy\/tr\/index.php?rest_route=\/wp\/v2\/users\/1"}],"replies":[{"embeddable":true,"href":"https:\/\/archive.sana.sy\/tr\/index.php?rest_route=%2Fwp%2Fv2%2Fcomments&post=5689"}],"version-history":[{"count":0,"href":"https:\/\/archive.sana.sy\/tr\/index.php?rest_route=\/wp\/v2\/posts\/5689\/revisions"}],"wp:featuredmedia":[{"embeddable":true,"href":"https:\/\/archive.sana.sy\/tr\/index.php?rest_route=\/wp\/v2\/media\/5690"}],"wp:attachment":[{"href":"https:\/\/archive.sana.sy\/tr\/index.php?rest_route=%2Fwp%2Fv2%2Fmedia&parent=5689"}],"wp:term":[{"taxonomy":"category","embeddable":true,"href":"https:\/\/archive.sana.sy\/tr\/index.php?rest_route=%2Fwp%2Fv2%2Fcategories&post=5689"},{"taxonomy":"post_tag","embeddable":true,"href":"https:\/\/archive.sana.sy\/tr\/index.php?rest_route=%2Fwp%2Fv2%2Ftags&post=5689"}],"curies":[{"name":"wp","href":"https:\/\/api.w.org\/{rel}","templated":true}]}}