{"id":56896,"date":"2016-01-03T09:51:39","date_gmt":"2016-01-03T07:51:39","guid":{"rendered":"http:\/\/www.sana.sy\/tr\/?p=56896"},"modified":"2016-01-03T13:12:07","modified_gmt":"2016-01-03T11:12:07","slug":"kendi-vatanlarinda-hur-ve-guven-icinde-yasama-haklari-var","status":"publish","type":"post","link":"https:\/\/archive.sana.sy\/tr\/?p=56896","title":{"rendered":"Kendi Vatanlar\u0131nda H\u00fcr ve G\u00fcven i\u00e7inde Ya\u015fama Haklar\u0131 Var"},"content":{"rendered":"<p>BEYRUT \u2013 Maruni Patri\u011fi Kardinal Mar B\u015fara Butros el Rai d\u00fcnyan\u0131n b\u00fcy\u00fck devletleri ve Birle\u015fmi\u015f Milletlerden Suriye&#8217;nin yan\u0131 s\u0131ra b\u00f6lgede daha ba\u015fka devletlere y\u00f6nelik s\u00fcrd\u00fcr\u00fclen sava\u015flara son vermeleri talebini yineledi.<\/p>\n<p>Patriklik Kilisesinde d\u00fczenlenen ayinde Kardinal el Rai; Vatikan Papas\u0131 Francis\u2019in d\u00fcnyaya g\u00f6nderdi\u011fi bar\u0131\u015f \u00e7a\u011fr\u0131s\u0131n\u0131n b\u00f6lge halklar\u0131n\u0131 umursamayan d\u00fcnya ve b\u00f6lge liderlerine de g\u00f6nderildi\u011fini s\u00f6yledi. Kardinal Rai b\u00f6lge halklar\u0131n\u0131n kendi vatanlar\u0131nda ve kendi topraklar\u0131nda g\u00fcvenli, onurlu ve h\u00fcr bir \u015fekilde ya\u015fama haklar\u0131na sahip odluklar\u0131n\u0131 belirtti.<\/p>\n<p>D\u00fcnyan\u0131n bir k\u0131s\u0131m b\u00fcy\u00fck devletlerinin kimi b\u00f6lge devletleriyle birlikte Suriye, Yemen, Irak, Yemen, Filistin ve daha ba\u015fka devletlerde sava\u015f alevlerini k\u00f6r\u00fcklediklerini ifade eden Kardinal Rai; bu sava\u015flara derhal son verilmesi \u00e7a\u011fr\u0131s\u0131n\u0131 yineledi.<\/p>\n","protected":false},"excerpt":{"rendered":"<p>BEYRUT \u2013 Maruni Patri\u011fi Kardinal Mar B\u015fara Butros el Rai d\u00fcnyan\u0131n b\u00fcy\u00fck devletleri ve Birle\u015fmi\u015f Milletlerden Suriye&#8217;nin yan\u0131 s\u0131ra b\u00f6lgede daha ba\u015fka devletlere y\u00f6nelik s\u00fcrd\u00fcr\u00fclen sava\u015flara son vermeleri talebini yineledi. Patriklik Kilisesinde d\u00fczenlenen ayinde Kardinal el Rai; Vatikan Papas\u0131 Francis\u2019in d\u00fcnyaya g\u00f6nderdi\u011fi bar\u0131\u015f \u00e7a\u011fr\u0131s\u0131n\u0131n b\u00f6lge halklar\u0131n\u0131 umursamayan d\u00fcnya ve b\u00f6lge liderlerine de g\u00f6nderildi\u011fini s\u00f6yledi. Kardinal &hellip;<\/p>\n","protected":false},"author":1,"featured_media":56899,"comment_status":"closed","ping_status":"closed","sticky":false,"template":"","format":"standard","meta":{"footnotes":""},"categories":[458,459,17988],"tags":[18158],"class_list":["post-56896","post","type-post","status-publish","format-standard","has-post-thumbnail","","category-dunya1","category-haberler-arap-uluslararasi-politika","category-son-haberler","tag-maruni-patrigi-kardinal-mar-bsara-butros-el-rai"],"_links":{"self":[{"href":"https:\/\/archive.sana.sy\/tr\/index.php?rest_route=\/wp\/v2\/posts\/56896","targetHints":{"allow":["GET"]}}],"collection":[{"href":"https:\/\/archive.sana.sy\/tr\/index.php?rest_route=\/wp\/v2\/posts"}],"about":[{"href":"https:\/\/archive.sana.sy\/tr\/index.php?rest_route=\/wp\/v2\/types\/post"}],"author":[{"embeddable":true,"href":"https:\/\/archive.sana.sy\/tr\/index.php?rest_route=\/wp\/v2\/users\/1"}],"replies":[{"embeddable":true,"href":"https:\/\/archive.sana.sy\/tr\/index.php?rest_route=%2Fwp%2Fv2%2Fcomments&post=56896"}],"version-history":[{"count":0,"href":"https:\/\/archive.sana.sy\/tr\/index.php?rest_route=\/wp\/v2\/posts\/56896\/revisions"}],"wp:featuredmedia":[{"embeddable":true,"href":"https:\/\/archive.sana.sy\/tr\/index.php?rest_route=\/wp\/v2\/media\/56899"}],"wp:attachment":[{"href":"https:\/\/archive.sana.sy\/tr\/index.php?rest_route=%2Fwp%2Fv2%2Fmedia&parent=56896"}],"wp:term":[{"taxonomy":"category","embeddable":true,"href":"https:\/\/archive.sana.sy\/tr\/index.php?rest_route=%2Fwp%2Fv2%2Fcategories&post=56896"},{"taxonomy":"post_tag","embeddable":true,"href":"https:\/\/archive.sana.sy\/tr\/index.php?rest_route=%2Fwp%2Fv2%2Ftags&post=56896"}],"curies":[{"name":"wp","href":"https:\/\/api.w.org\/{rel}","templated":true}]}}