{"id":56901,"date":"2016-01-03T12:20:51","date_gmt":"2016-01-03T10:20:51","guid":{"rendered":"http:\/\/www.sana.sy\/tr\/?p=56901"},"modified":"2016-01-03T14:29:33","modified_gmt":"2016-01-03T12:29:33","slug":"uluslararasi-kanunlarda-bir-suctur","status":"publish","type":"post","link":"https:\/\/archive.sana.sy\/tr\/?p=56901","title":{"rendered":"Uluslararas\u0131 Kanunlarda Bir Su\u00e7tur"},"content":{"rendered":"<p>\u015eAM \u2013 Suriye \u0130nsan Haklar\u0131 \u015eebekesi Vahhabi Suudi rejiminin, aralar\u0131nda muhalif \u015eeyh Nimr Bakir el Nimr\u2019in bundu\u011fu 47 vatanda\u015f\u0131 vah\u015fice idam etmesini k\u0131nad\u0131\u011f\u0131n\u0131 belirtti.<\/p>\n<p>\u015eebeke bug\u00fcn yay\u0131nlad\u0131\u011f\u0131 ve bir n\u00fcshas\u0131 SANA\u2019ya ula\u015ft\u0131r\u0131lan k\u0131nama bildirisinde; Suudi rejiminin bu vah\u015fetine sessiz kal\u0131nmas\u0131 ve ondan hesap sorulmamas\u0131n\u0131n uluslar aras\u0131 ter\u00f6r\u00fcn peki\u015fmesine ek olarak insanl\u0131\u011f\u0131n y\u0131k\u0131lmas\u0131na yol a\u00e7aca\u011f\u0131n\u0131n alt\u0131n\u0131 \u00e7izdi.<\/p>\n<p>\u015eebeke uluslar aras\u0131 insan haklar\u0131 \u00f6rg\u00fctleri ve sivil toplum kurumlar\u0131n\u0131 bu vah\u015feti k\u0131namalar\u0131na davet ederken, sessiz kal\u0131nmas\u0131n\u0131n Suudi rejimi ve insanl\u0131k d\u0131\u015f\u0131 uygulamalar\u0131na \u00f6rt\u00fc te\u015fkil edece\u011fini ifade etti. \u015eebeke vahhabi rejiminin bu cinayetinin, uluslar aras\u0131 kararlar ve kanunlar \u00e7er\u00e7evesinde b\u00fcy\u00fck bir su\u00e7 te\u015fkil etti\u011finin alt\u0131n\u0131 \u00e7izdi.<\/p>\n<p>R.H.<\/p>\n","protected":false},"excerpt":{"rendered":"<p>\u015eAM \u2013 Suriye \u0130nsan Haklar\u0131 \u015eebekesi Vahhabi Suudi rejiminin, aralar\u0131nda muhalif \u015eeyh Nimr Bakir el Nimr\u2019in bundu\u011fu 47 vatanda\u015f\u0131 vah\u015fice idam etmesini k\u0131nad\u0131\u011f\u0131n\u0131 belirtti. \u015eebeke bug\u00fcn yay\u0131nlad\u0131\u011f\u0131 ve bir n\u00fcshas\u0131 SANA\u2019ya ula\u015ft\u0131r\u0131lan k\u0131nama bildirisinde; Suudi rejiminin bu vah\u015fetine sessiz kal\u0131nmas\u0131 ve ondan hesap sorulmamas\u0131n\u0131n uluslar aras\u0131 ter\u00f6r\u00fcn peki\u015fmesine ek olarak insanl\u0131\u011f\u0131n y\u0131k\u0131lmas\u0131na yol a\u00e7aca\u011f\u0131n\u0131n alt\u0131n\u0131 &hellip;<\/p>\n","protected":false},"author":1,"featured_media":56902,"comment_status":"closed","ping_status":"closed","sticky":false,"template":"","format":"standard","meta":{"footnotes":""},"categories":[479,17988,478],"tags":[18354],"class_list":["post-56901","post","type-post","status-publish","format-standard","has-post-thumbnail","","category-haberler-yerel","category-son-haberler","category-yerel","tag-suriye-insan-haklari-sebekesi-vahhabi-suudi-rejiminin"],"_links":{"self":[{"href":"https:\/\/archive.sana.sy\/tr\/index.php?rest_route=\/wp\/v2\/posts\/56901","targetHints":{"allow":["GET"]}}],"collection":[{"href":"https:\/\/archive.sana.sy\/tr\/index.php?rest_route=\/wp\/v2\/posts"}],"about":[{"href":"https:\/\/archive.sana.sy\/tr\/index.php?rest_route=\/wp\/v2\/types\/post"}],"author":[{"embeddable":true,"href":"https:\/\/archive.sana.sy\/tr\/index.php?rest_route=\/wp\/v2\/users\/1"}],"replies":[{"embeddable":true,"href":"https:\/\/archive.sana.sy\/tr\/index.php?rest_route=%2Fwp%2Fv2%2Fcomments&post=56901"}],"version-history":[{"count":0,"href":"https:\/\/archive.sana.sy\/tr\/index.php?rest_route=\/wp\/v2\/posts\/56901\/revisions"}],"wp:featuredmedia":[{"embeddable":true,"href":"https:\/\/archive.sana.sy\/tr\/index.php?rest_route=\/wp\/v2\/media\/56902"}],"wp:attachment":[{"href":"https:\/\/archive.sana.sy\/tr\/index.php?rest_route=%2Fwp%2Fv2%2Fmedia&parent=56901"}],"wp:term":[{"taxonomy":"category","embeddable":true,"href":"https:\/\/archive.sana.sy\/tr\/index.php?rest_route=%2Fwp%2Fv2%2Fcategories&post=56901"},{"taxonomy":"post_tag","embeddable":true,"href":"https:\/\/archive.sana.sy\/tr\/index.php?rest_route=%2Fwp%2Fv2%2Ftags&post=56901"}],"curies":[{"name":"wp","href":"https:\/\/api.w.org\/{rel}","templated":true}]}}