{"id":56919,"date":"2016-01-03T16:35:52","date_gmt":"2016-01-03T14:35:52","guid":{"rendered":"http:\/\/www.sana.sy\/tr\/?p=56919"},"modified":"2016-01-03T16:29:44","modified_gmt":"2016-01-03T14:29:44","slug":"suudi-rejiminin-idam-kararindan-caymamasi-ve-tum-islami-bariz-sahsiyetlerin-vazgecme-cagrilarina-kulak-asmamasinin-bu-surec-icinde-onemli-bir-mesaj-tasidigina-dikkat-ceken-nasrullah-idamin-vahhabi-re","status":"publish","type":"post","link":"https:\/\/archive.sana.sy\/tr\/?p=56919","title":{"rendered":"Suudi rejiminin idam karar\u0131ndan caymamas\u0131 ve t\u00fcm \u0130slami bariz \u015fahsiyetlerin vazge\u00e7me \u00e7a\u011fr\u0131lar\u0131na kulak asmamas\u0131n\u0131n bu s\u00fcre\u00e7 i\u00e7inde \u00f6nemli bir mesaj ta\u015f\u0131d\u0131\u011f\u0131na dikkat \u00e7eken Nasrullah; idam\u0131n Vahhabi rejiminin d\u00fcnya ve M\u00fcsl\u00fcman kamuoyuna ald\u0131rmad\u0131\u011f\u0131n\u0131n bir g\u00f6stergesi oldu\u011funu belirtti"},"content":{"rendered":"<p>Suudi rejiminin idam karar\u0131ndan caymamas\u0131 ve t\u00fcm \u0130slami bariz \u015fahsiyetlerin vazge\u00e7me \u00e7a\u011fr\u0131lar\u0131na kulak asmamas\u0131n\u0131n bu s\u00fcre\u00e7 i\u00e7inde \u00f6nemli bir mesaj ta\u015f\u0131d\u0131\u011f\u0131na dikkat \u00e7eken Nasrullah; idam\u0131n Vahhabi rejiminin d\u00fcnya ve M\u00fcsl\u00fcman kamuoyuna ald\u0131rmad\u0131\u011f\u0131n\u0131n bir g\u00f6stergesi oldu\u011funu belirtti<\/p>\n","protected":false},"excerpt":{"rendered":"<p>Suudi rejiminin idam karar\u0131ndan caymamas\u0131 ve t\u00fcm \u0130slami bariz \u015fahsiyetlerin vazge\u00e7me \u00e7a\u011fr\u0131lar\u0131na kulak asmamas\u0131n\u0131n bu s\u00fcre\u00e7 i\u00e7inde \u00f6nemli bir mesaj ta\u015f\u0131d\u0131\u011f\u0131na dikkat \u00e7eken Nasrullah; idam\u0131n Vahhabi rejiminin d\u00fcnya ve M\u00fcsl\u00fcman kamuoyuna ald\u0131rmad\u0131\u011f\u0131n\u0131n bir g\u00f6stergesi oldu\u011funu belirtti<\/p>\n","protected":false},"author":1,"featured_media":0,"comment_status":"closed","ping_status":"closed","sticky":false,"template":"","format":"standard","meta":{"footnotes":""},"categories":[17991],"tags":[],"class_list":["post-56919","post","type-post","status-publish","format-standard","","category-son-dakika"],"_links":{"self":[{"href":"https:\/\/archive.sana.sy\/tr\/index.php?rest_route=\/wp\/v2\/posts\/56919","targetHints":{"allow":["GET"]}}],"collection":[{"href":"https:\/\/archive.sana.sy\/tr\/index.php?rest_route=\/wp\/v2\/posts"}],"about":[{"href":"https:\/\/archive.sana.sy\/tr\/index.php?rest_route=\/wp\/v2\/types\/post"}],"author":[{"embeddable":true,"href":"https:\/\/archive.sana.sy\/tr\/index.php?rest_route=\/wp\/v2\/users\/1"}],"replies":[{"embeddable":true,"href":"https:\/\/archive.sana.sy\/tr\/index.php?rest_route=%2Fwp%2Fv2%2Fcomments&post=56919"}],"version-history":[{"count":0,"href":"https:\/\/archive.sana.sy\/tr\/index.php?rest_route=\/wp\/v2\/posts\/56919\/revisions"}],"wp:attachment":[{"href":"https:\/\/archive.sana.sy\/tr\/index.php?rest_route=%2Fwp%2Fv2%2Fmedia&parent=56919"}],"wp:term":[{"taxonomy":"category","embeddable":true,"href":"https:\/\/archive.sana.sy\/tr\/index.php?rest_route=%2Fwp%2Fv2%2Fcategories&post=56919"},{"taxonomy":"post_tag","embeddable":true,"href":"https:\/\/archive.sana.sy\/tr\/index.php?rest_route=%2Fwp%2Fv2%2Ftags&post=56919"}],"curies":[{"name":"wp","href":"https:\/\/api.w.org\/{rel}","templated":true}]}}