{"id":56921,"date":"2016-01-03T16:40:21","date_gmt":"2016-01-03T14:40:21","guid":{"rendered":"http:\/\/www.sana.sy\/tr\/?p=56921"},"modified":"2016-01-03T16:33:06","modified_gmt":"2016-01-03T14:33:06","slug":"nasrullah-dunya-halklarinin-tamamini-tehdit-eden-yikim-ve-vahsetleriyle-teror-ve-dehset-estiren-tekfirci-ideolojinin-kaynaginin-suudi-rejimi-oldugunu-vurgularken-isid-teror-orgutunun-okuyup-okutmaya","status":"publish","type":"post","link":"https:\/\/archive.sana.sy\/tr\/?p=56921","title":{"rendered":"Nasrullah d\u00fcnya halklar\u0131n\u0131n tamam\u0131n\u0131 tehdit eden, y\u0131k\u0131m ve vah\u015fetleriyle ter\u00f6r ve deh\u015fet estiren tekfirci ideolojinin kayna\u011f\u0131n\u0131n Suudi rejimi oldu\u011funu vurgularken, I\u015e\u0130D ter\u00f6r \u00f6rg\u00fct\u00fcn\u00fcn okuyup okutmaya \u00e7al\u0131\u015ft\u0131\u011f\u0131 kitaplar\u0131n da Suudi rejiminin okuyup okutmaya \u00e7al\u0131\u015ft\u0131\u011f\u0131 kitaplar\u0131n ay\u0131s\u0131 oldu\u011funa vurgu yapt\u0131."},"content":{"rendered":"<p>Nasrullah d\u00fcnya halklar\u0131n\u0131n tamam\u0131n\u0131 tehdit eden, y\u0131k\u0131m ve vah\u015fetleriyle ter\u00f6r ve deh\u015fet estiren tekfirci ideolojinin kayna\u011f\u0131n\u0131n Suudi rejimi oldu\u011funu vurgularken, I\u015e\u0130D ter\u00f6r \u00f6rg\u00fct\u00fcn\u00fcn okuyup okutmaya \u00e7al\u0131\u015ft\u0131\u011f\u0131 kitaplar\u0131n da Suudi rejiminin okuyup okutmaya \u00e7al\u0131\u015ft\u0131\u011f\u0131 kitaplar\u0131n ay\u0131s\u0131 oldu\u011funa vurgu yapt\u0131.<\/p>\n","protected":false},"excerpt":{"rendered":"<p>Nasrullah d\u00fcnya halklar\u0131n\u0131n tamam\u0131n\u0131 tehdit eden, y\u0131k\u0131m ve vah\u015fetleriyle ter\u00f6r ve deh\u015fet estiren tekfirci ideolojinin kayna\u011f\u0131n\u0131n Suudi rejimi oldu\u011funu vurgularken, I\u015e\u0130D ter\u00f6r \u00f6rg\u00fct\u00fcn\u00fcn okuyup okutmaya \u00e7al\u0131\u015ft\u0131\u011f\u0131 kitaplar\u0131n da Suudi rejiminin okuyup okutmaya \u00e7al\u0131\u015ft\u0131\u011f\u0131 kitaplar\u0131n ay\u0131s\u0131 oldu\u011funa vurgu yapt\u0131.<\/p>\n","protected":false},"author":1,"featured_media":0,"comment_status":"closed","ping_status":"closed","sticky":false,"template":"","format":"standard","meta":{"footnotes":""},"categories":[17991],"tags":[],"class_list":["post-56921","post","type-post","status-publish","format-standard","","category-son-dakika"],"_links":{"self":[{"href":"https:\/\/archive.sana.sy\/tr\/index.php?rest_route=\/wp\/v2\/posts\/56921","targetHints":{"allow":["GET"]}}],"collection":[{"href":"https:\/\/archive.sana.sy\/tr\/index.php?rest_route=\/wp\/v2\/posts"}],"about":[{"href":"https:\/\/archive.sana.sy\/tr\/index.php?rest_route=\/wp\/v2\/types\/post"}],"author":[{"embeddable":true,"href":"https:\/\/archive.sana.sy\/tr\/index.php?rest_route=\/wp\/v2\/users\/1"}],"replies":[{"embeddable":true,"href":"https:\/\/archive.sana.sy\/tr\/index.php?rest_route=%2Fwp%2Fv2%2Fcomments&post=56921"}],"version-history":[{"count":0,"href":"https:\/\/archive.sana.sy\/tr\/index.php?rest_route=\/wp\/v2\/posts\/56921\/revisions"}],"wp:attachment":[{"href":"https:\/\/archive.sana.sy\/tr\/index.php?rest_route=%2Fwp%2Fv2%2Fmedia&parent=56921"}],"wp:term":[{"taxonomy":"category","embeddable":true,"href":"https:\/\/archive.sana.sy\/tr\/index.php?rest_route=%2Fwp%2Fv2%2Fcategories&post=56921"},{"taxonomy":"post_tag","embeddable":true,"href":"https:\/\/archive.sana.sy\/tr\/index.php?rest_route=%2Fwp%2Fv2%2Ftags&post=56921"}],"curies":[{"name":"wp","href":"https:\/\/api.w.org\/{rel}","templated":true}]}}