{"id":56923,"date":"2016-01-03T16:45:52","date_gmt":"2016-01-03T14:45:52","guid":{"rendered":"http:\/\/www.sana.sy\/tr\/?p=56923"},"modified":"2016-01-03T16:37:16","modified_gmt":"2016-01-03T14:37:16","slug":"bizler-saldirgan-katil-ve-fitneci-bir-rejimle-karsi-karsiyayiz-bu-rejimi-de-teror-orgutleri-listesine-almanin-zamani-gelmistir-ifadesini-kullanan-nasrullah-suudi-rejim-ailesinin-te","status":"publish","type":"post","link":"https:\/\/archive.sana.sy\/tr\/?p=56923","title":{"rendered":"\u201cBizler sald\u0131rgan katil ve fitneci bir rejimle kar\u015f\u0131 kar\u015f\u0131yay\u0131z. Bu rejimi de ter\u00f6r \u00f6rg\u00fctleri listesine alman\u0131n zaman\u0131 gelmi\u015ftir\u201d ifadesini kullanan Nasrullah; Suudi rejim ailesinin tekfirci ter\u00f6r \u00f6rg\u00fctlerin analar\u0131 ve babalar\u0131 olduklar\u0131n\u0131 belirtti"},"content":{"rendered":"<p>\u201cBizler sald\u0131rgan katil ve fitneci bir rejimle kar\u015f\u0131 kar\u015f\u0131yay\u0131z. Bu rejimi de ter\u00f6r \u00f6rg\u00fctleri listesine alman\u0131n zaman\u0131 gelmi\u015ftir\u201d ifadesini kullanan Nasrullah; Suudi rejim ailesinin tekfirci ter\u00f6r \u00f6rg\u00fctlerin analar\u0131 ve babalar\u0131 olduklar\u0131n\u0131 belirtti<\/p>\n","protected":false},"excerpt":{"rendered":"<p>\u201cBizler sald\u0131rgan katil ve fitneci bir rejimle kar\u015f\u0131 kar\u015f\u0131yay\u0131z. Bu rejimi de ter\u00f6r \u00f6rg\u00fctleri listesine alman\u0131n zaman\u0131 gelmi\u015ftir\u201d ifadesini kullanan Nasrullah; Suudi rejim ailesinin tekfirci ter\u00f6r \u00f6rg\u00fctlerin analar\u0131 ve babalar\u0131 olduklar\u0131n\u0131 belirtti<\/p>\n","protected":false},"author":1,"featured_media":0,"comment_status":"closed","ping_status":"closed","sticky":false,"template":"","format":"standard","meta":{"footnotes":""},"categories":[1],"tags":[],"class_list":["post-56923","post","type-post","status-publish","format-standard","","category-news-not-sorted"],"_links":{"self":[{"href":"https:\/\/archive.sana.sy\/tr\/index.php?rest_route=\/wp\/v2\/posts\/56923","targetHints":{"allow":["GET"]}}],"collection":[{"href":"https:\/\/archive.sana.sy\/tr\/index.php?rest_route=\/wp\/v2\/posts"}],"about":[{"href":"https:\/\/archive.sana.sy\/tr\/index.php?rest_route=\/wp\/v2\/types\/post"}],"author":[{"embeddable":true,"href":"https:\/\/archive.sana.sy\/tr\/index.php?rest_route=\/wp\/v2\/users\/1"}],"replies":[{"embeddable":true,"href":"https:\/\/archive.sana.sy\/tr\/index.php?rest_route=%2Fwp%2Fv2%2Fcomments&post=56923"}],"version-history":[{"count":0,"href":"https:\/\/archive.sana.sy\/tr\/index.php?rest_route=\/wp\/v2\/posts\/56923\/revisions"}],"wp:attachment":[{"href":"https:\/\/archive.sana.sy\/tr\/index.php?rest_route=%2Fwp%2Fv2%2Fmedia&parent=56923"}],"wp:term":[{"taxonomy":"category","embeddable":true,"href":"https:\/\/archive.sana.sy\/tr\/index.php?rest_route=%2Fwp%2Fv2%2Fcategories&post=56923"},{"taxonomy":"post_tag","embeddable":true,"href":"https:\/\/archive.sana.sy\/tr\/index.php?rest_route=%2Fwp%2Fv2%2Ftags&post=56923"}],"curies":[{"name":"wp","href":"https:\/\/api.w.org\/{rel}","templated":true}]}}