{"id":56925,"date":"2016-01-03T16:50:07","date_gmt":"2016-01-03T14:50:07","guid":{"rendered":"http:\/\/www.sana.sy\/tr\/?p=56925"},"modified":"2016-01-03T16:52:49","modified_gmt":"2016-01-03T14:52:49","slug":"konusmasinda-israile-de-seslenen-nasrullah-semir-kuntara-duzenledikleri-suikastin-cevabinin-yakin-oldugunu-belirterek-bu-cevabi-beklemelerini-soyledi","status":"publish","type":"post","link":"https:\/\/archive.sana.sy\/tr\/?p=56925","title":{"rendered":"Konu\u015fmas\u0131nda \u0130srail\u2019e de seslenen Nasrullah; Semir Kuntar\u2019a d\u00fczenledikleri suikast\u0131n cevab\u0131n\u0131n yak\u0131n oldu\u011funu belirterek, bu cevab\u0131 beklemelerini s\u00f6yledi"},"content":{"rendered":"<p>Konu\u015fmas\u0131nda \u0130srail\u2019e de seslenen Nasrullah; Semir Kuntar\u2019a d\u00fczenledikleri suikast\u0131n cevab\u0131n\u0131n yak\u0131n oldu\u011funu belirterek, bu cevab\u0131 beklemelerini s\u00f6yledi<\/p>\n","protected":false},"excerpt":{"rendered":"<p>Konu\u015fmas\u0131nda \u0130srail\u2019e de seslenen Nasrullah; Semir Kuntar\u2019a d\u00fczenledikleri suikast\u0131n cevab\u0131n\u0131n yak\u0131n oldu\u011funu belirterek, bu cevab\u0131 beklemelerini s\u00f6yledi<\/p>\n","protected":false},"author":1,"featured_media":0,"comment_status":"closed","ping_status":"closed","sticky":false,"template":"","format":"standard","meta":{"footnotes":""},"categories":[17991],"tags":[],"class_list":["post-56925","post","type-post","status-publish","format-standard","","category-son-dakika"],"_links":{"self":[{"href":"https:\/\/archive.sana.sy\/tr\/index.php?rest_route=\/wp\/v2\/posts\/56925","targetHints":{"allow":["GET"]}}],"collection":[{"href":"https:\/\/archive.sana.sy\/tr\/index.php?rest_route=\/wp\/v2\/posts"}],"about":[{"href":"https:\/\/archive.sana.sy\/tr\/index.php?rest_route=\/wp\/v2\/types\/post"}],"author":[{"embeddable":true,"href":"https:\/\/archive.sana.sy\/tr\/index.php?rest_route=\/wp\/v2\/users\/1"}],"replies":[{"embeddable":true,"href":"https:\/\/archive.sana.sy\/tr\/index.php?rest_route=%2Fwp%2Fv2%2Fcomments&post=56925"}],"version-history":[{"count":0,"href":"https:\/\/archive.sana.sy\/tr\/index.php?rest_route=\/wp\/v2\/posts\/56925\/revisions"}],"wp:attachment":[{"href":"https:\/\/archive.sana.sy\/tr\/index.php?rest_route=%2Fwp%2Fv2%2Fmedia&parent=56925"}],"wp:term":[{"taxonomy":"category","embeddable":true,"href":"https:\/\/archive.sana.sy\/tr\/index.php?rest_route=%2Fwp%2Fv2%2Fcategories&post=56925"},{"taxonomy":"post_tag","embeddable":true,"href":"https:\/\/archive.sana.sy\/tr\/index.php?rest_route=%2Fwp%2Fv2%2Ftags&post=56925"}],"curies":[{"name":"wp","href":"https:\/\/api.w.org\/{rel}","templated":true}]}}