{"id":56951,"date":"2016-01-04T08:46:06","date_gmt":"2016-01-04T06:46:06","guid":{"rendered":"http:\/\/www.sana.sy\/tr\/?p=56951"},"modified":"2016-01-04T12:51:00","modified_gmt":"2016-01-04T10:51:00","slug":"idlibte-turkiyede-erdogan-rejimi-ve-suudi-rejiminin-destek-finans-ve-komutasinda-teror-estiren-cokuluslu-teror-cetelere-karsi-operasyonlarini-surduren-ordu-birliklerimiz-il-kirsalinin-bsey","status":"publish","type":"post","link":"https:\/\/archive.sana.sy\/tr\/?p=56951","title":{"rendered":"\u0130dlib\u2019te T\u00fcrkiye&#8217;de Erdo\u011fan rejimi ve Suudi rejiminin destek, finans ve komutas\u0131nda ter\u00f6r estiren \u00e7okuluslu ter\u00f6r \u00e7etelere kar\u015f\u0131 operasyonlar\u0131n\u0131 s\u00fcrd\u00fcren ordu birliklerimiz il k\u0131rsal\u0131n\u0131n Bseyda, Muarratennuman, Hamidiye, Har\u015f el has ve Kefarroma b\u00f6lgelerinde Nusra Cephesi, Ahrar el \u015eam \u0130slami Hareketi ve Fursan el Hak adl\u0131 tekfirci ter\u00f6r \u00e7etelerinin mevki ve karargahlar\u0131n\u0131 imha ederek en az 28 tekfirciyi \u00f6ld\u00fcrd\u00fc"},"content":{"rendered":"<p>\u0130dlib\u2019te T\u00fcrkiye&#8217;de Erdo\u011fan rejimi ve Suudi rejiminin destek, finans ve komutas\u0131nda ter\u00f6r estiren \u00e7okuluslu ter\u00f6r \u00e7etelere kar\u015f\u0131 operasyonlar\u0131n\u0131 s\u00fcrd\u00fcren ordu birliklerimiz il k\u0131rsal\u0131n\u0131n Bseyda, Muarratennuman, Hamidiye, Har\u015f el has ve Kefarroma b\u00f6lgelerinde Nusra Cephesi, Ahrar el \u015eam \u0130slami Hareketi ve Fursan el Hak adl\u0131 tekfirci ter\u00f6r \u00e7etelerinin mevki ve karargahlar\u0131n\u0131 imha ederek en az 28 tekfirciyi \u00f6ld\u00fcrd\u00fc<\/p>\n","protected":false},"excerpt":{"rendered":"<p>\u0130dlib\u2019te T\u00fcrkiye&#8217;de Erdo\u011fan rejimi ve Suudi rejiminin destek, finans ve komutas\u0131nda ter\u00f6r estiren \u00e7okuluslu ter\u00f6r \u00e7etelere kar\u015f\u0131 operasyonlar\u0131n\u0131 s\u00fcrd\u00fcren ordu birliklerimiz il k\u0131rsal\u0131n\u0131n Bseyda, Muarratennuman, Hamidiye, Har\u015f el has ve Kefarroma b\u00f6lgelerinde Nusra Cephesi, Ahrar el \u015eam \u0130slami Hareketi ve Fursan el Hak adl\u0131 tekfirci ter\u00f6r \u00e7etelerinin mevki ve karargahlar\u0131n\u0131 imha ederek en az 28 &hellip;<\/p>\n","protected":false},"author":1,"featured_media":0,"comment_status":"closed","ping_status":"closed","sticky":false,"template":"","format":"standard","meta":{"footnotes":""},"categories":[17991],"tags":[],"class_list":["post-56951","post","type-post","status-publish","format-standard","","category-son-dakika"],"_links":{"self":[{"href":"https:\/\/archive.sana.sy\/tr\/index.php?rest_route=\/wp\/v2\/posts\/56951","targetHints":{"allow":["GET"]}}],"collection":[{"href":"https:\/\/archive.sana.sy\/tr\/index.php?rest_route=\/wp\/v2\/posts"}],"about":[{"href":"https:\/\/archive.sana.sy\/tr\/index.php?rest_route=\/wp\/v2\/types\/post"}],"author":[{"embeddable":true,"href":"https:\/\/archive.sana.sy\/tr\/index.php?rest_route=\/wp\/v2\/users\/1"}],"replies":[{"embeddable":true,"href":"https:\/\/archive.sana.sy\/tr\/index.php?rest_route=%2Fwp%2Fv2%2Fcomments&post=56951"}],"version-history":[{"count":0,"href":"https:\/\/archive.sana.sy\/tr\/index.php?rest_route=\/wp\/v2\/posts\/56951\/revisions"}],"wp:attachment":[{"href":"https:\/\/archive.sana.sy\/tr\/index.php?rest_route=%2Fwp%2Fv2%2Fmedia&parent=56951"}],"wp:term":[{"taxonomy":"category","embeddable":true,"href":"https:\/\/archive.sana.sy\/tr\/index.php?rest_route=%2Fwp%2Fv2%2Fcategories&post=56951"},{"taxonomy":"post_tag","embeddable":true,"href":"https:\/\/archive.sana.sy\/tr\/index.php?rest_route=%2Fwp%2Fv2%2Ftags&post=56951"}],"curies":[{"name":"wp","href":"https:\/\/api.w.org\/{rel}","templated":true}]}}