{"id":56994,"date":"2016-01-04T13:10:09","date_gmt":"2016-01-04T11:10:09","guid":{"rendered":"http:\/\/www.sana.sy\/tr\/?p=56994"},"modified":"2016-01-04T13:16:08","modified_gmt":"2016-01-04T11:16:08","slug":"din-adina-isledigi-suclar-zincirinin-sadece-bir-halkasidir","status":"publish","type":"post","link":"https:\/\/archive.sana.sy\/tr\/?p=56994","title":{"rendered":"Din Ad\u0131na \u0130\u015fledi\u011fi Su\u00e7lar Zincirinin Sadece Bir Halkas\u0131d\u0131r"},"content":{"rendered":"<p>\u015eAM \u2013 Biladu\u015f\u015fam Ulemalar Birli\u011fi d\u00fcnyan\u0131n son birka\u00e7 g\u00fcn i\u00e7inde tan\u0131k oldu\u011fu Vahhabi Suudi rejiminin \u00f6ld\u00fcrme, idam ve zul\u00fcm cinayetlerinin; bu Vahhabi rejiminin Hanefi \u0130slam dini ad\u0131na i\u015fledi\u011fi cinayetler zincirinin sadece bir halkas\u0131 oldu\u011funu belirtti.<\/p>\n<p>Suudi rejimi ge\u00e7en Cumartesi g\u00fcn\u00fc aralar\u0131nda 2012 y\u0131l\u0131ndan beri tutuklu bulunan muhalif \u015eeyh Nimr Bakir el Nimr\u2019in bulundu\u011fu 47 ki\u015fiyi vah\u015fice idam etmi\u015fti.<\/p>\n","protected":false},"excerpt":{"rendered":"<p>\u015eAM \u2013 Biladu\u015f\u015fam Ulemalar Birli\u011fi d\u00fcnyan\u0131n son birka\u00e7 g\u00fcn i\u00e7inde tan\u0131k oldu\u011fu Vahhabi Suudi rejiminin \u00f6ld\u00fcrme, idam ve zul\u00fcm cinayetlerinin; bu Vahhabi rejiminin Hanefi \u0130slam dini ad\u0131na i\u015fledi\u011fi cinayetler zincirinin sadece bir halkas\u0131 oldu\u011funu belirtti. Suudi rejimi ge\u00e7en Cumartesi g\u00fcn\u00fc aralar\u0131nda 2012 y\u0131l\u0131ndan beri tutuklu bulunan muhalif \u015eeyh Nimr Bakir el Nimr\u2019in bulundu\u011fu 47 ki\u015fiyi &hellip;<\/p>\n","protected":false},"author":1,"featured_media":56995,"comment_status":"closed","ping_status":"closed","sticky":false,"template":"","format":"standard","meta":{"footnotes":""},"categories":[479,17988,478],"tags":[18371,18374,18373,14147,11237,18372],"class_list":["post-56994","post","type-post","status-publish","format-standard","has-post-thumbnail","","category-haberler-yerel","category-son-haberler","category-yerel","tag-biladussam-ulemalar-birligi","tag-idam","tag-seyh-nimr-bakir-el-nimr","tag-suudi-rejimi","tag-vahhabi","tag-vahsi-suclar"],"_links":{"self":[{"href":"https:\/\/archive.sana.sy\/tr\/index.php?rest_route=\/wp\/v2\/posts\/56994","targetHints":{"allow":["GET"]}}],"collection":[{"href":"https:\/\/archive.sana.sy\/tr\/index.php?rest_route=\/wp\/v2\/posts"}],"about":[{"href":"https:\/\/archive.sana.sy\/tr\/index.php?rest_route=\/wp\/v2\/types\/post"}],"author":[{"embeddable":true,"href":"https:\/\/archive.sana.sy\/tr\/index.php?rest_route=\/wp\/v2\/users\/1"}],"replies":[{"embeddable":true,"href":"https:\/\/archive.sana.sy\/tr\/index.php?rest_route=%2Fwp%2Fv2%2Fcomments&post=56994"}],"version-history":[{"count":0,"href":"https:\/\/archive.sana.sy\/tr\/index.php?rest_route=\/wp\/v2\/posts\/56994\/revisions"}],"wp:featuredmedia":[{"embeddable":true,"href":"https:\/\/archive.sana.sy\/tr\/index.php?rest_route=\/wp\/v2\/media\/56995"}],"wp:attachment":[{"href":"https:\/\/archive.sana.sy\/tr\/index.php?rest_route=%2Fwp%2Fv2%2Fmedia&parent=56994"}],"wp:term":[{"taxonomy":"category","embeddable":true,"href":"https:\/\/archive.sana.sy\/tr\/index.php?rest_route=%2Fwp%2Fv2%2Fcategories&post=56994"},{"taxonomy":"post_tag","embeddable":true,"href":"https:\/\/archive.sana.sy\/tr\/index.php?rest_route=%2Fwp%2Fv2%2Ftags&post=56994"}],"curies":[{"name":"wp","href":"https:\/\/api.w.org\/{rel}","templated":true}]}}