{"id":5700,"date":"2014-07-22T17:07:22","date_gmt":"2014-07-22T14:07:22","guid":{"rendered":"http:\/\/www.sana.sy\/tr\/?p=5700"},"modified":"2014-07-22T17:07:22","modified_gmt":"2014-07-22T14:07:22","slug":"mikdat-suriye-filistin-davasini-kendi-davasi-olarak-goruyor","status":"publish","type":"post","link":"https:\/\/archive.sana.sy\/tr\/?p=5700","title":{"rendered":"Mikdat: Suriye, Filistin Davas\u0131n\u0131 Kendi Davas\u0131 Olarak G\u00f6r\u00fcyor"},"content":{"rendered":"<p>\u015eAM \u2013 D\u0131\u015fi\u015fleri ve Gurbet\u00e7iler Bakan\u0131 Yard\u0131mc\u0131s\u0131 Faysal el Mikdat; Suriye\u2019nin, Filistin davas\u0131n\u0131 ve Arap ulusunun ortak davalar\u0131n\u0131 kendi davalar\u0131 olarak g\u00f6rd\u00fc\u011f\u00fcn\u00fc ifade ederek Suriye\u2019ye kar\u015f\u0131 komplo kuran taraflar\u0131n as\u0131l olarak Filistin davas\u0131n\u0131 hedef ald\u0131klar\u0131n\u0131 belirtti.<\/p>\n<p>Filistinli Direni\u015f Gruplar\u0131 Temsilcileri Heyetiyle bug\u00fcn bir araya gelen Mikdat; Suriye\u2019nin her zaman kahraman Filistin halk\u0131n\u0131n yan\u0131nda yer ald\u0131\u011f\u0131na dikkat \u00e7ekerek Filistin halk\u0131na kar\u015f\u0131 i\u015fgalci \u0130srail taraf\u0131ndan uygulanan soyk\u0131r\u0131m\u0131 sava\u015f su\u00e7u olarak nitelendirdi.<\/p>\n<p><a href=\"http:\/\/www.sana.sy\/tr\/wp-content\/uploads\/2014\/07\/Mikdat-2.jpg\"><img loading=\"lazy\" decoding=\"async\" class=\"alignright wp-image-5702 size-large\" src=\"http:\/\/www.sana.sy\/tr\/wp-content\/uploads\/2014\/07\/Mikdat-2-1024x681.jpg\" alt=\"Mikdat 2\" width=\"620\" height=\"412\" srcset=\"https:\/\/archive.sana.sy\/tr\/wp-content\/uploads\/2014\/07\/Mikdat-2-1024x681.jpg 1024w, https:\/\/archive.sana.sy\/tr\/wp-content\/uploads\/2014\/07\/Mikdat-2-150x99.jpg 150w, https:\/\/archive.sana.sy\/tr\/wp-content\/uploads\/2014\/07\/Mikdat-2-300x199.jpg 300w\" sizes=\"auto, (max-width: 620px) 100vw, 620px\" \/><\/a>Cumhurba\u015fkan\u0131 Be\u015f\u015far el Esad\u2019\u0131n anayasal yemin t\u00f6reni s\u0131ras\u0131nda dikkat \u00e7ekti\u011fi ulusal stratejik tutumlar\u0131 hat\u0131rlatan Mikdat; Filistin davas\u0131n\u0131n her zaman Suriye\u2019nin en merkezi davalar\u0131 aras\u0131nda yer ald\u0131\u011f\u0131n\u0131 beyan etti.<\/p>\n<p>Filistin\u2019de i\u015fgal alt\u0131nda can veren her \u015fehidin Suriye\u2019nin \u015fehidi oldu\u011funun alt\u0131n\u0131 \u00e7izen Mikdat; Suriye\u2019nin Filistin halk\u0131n\u0131 sadece manevi olarak desteklemedi\u011fini ayr\u0131ca b\u00fct\u00fcn maddi imkanlar\u0131n\u0131 da Filistin halk\u0131n\u0131n hizmetine sundu\u011funu ibraz etti.<\/p>\n<p>\u00d6te yandan Suriye H\u00fck\u00fcmetinin, \u015eam\u2019da Filistinlilerin yo\u011funluklu olarak ya\u015fad\u0131klar\u0131 Yerm\u00fck Semtinin ter\u00f6rist ku\u015fatmas\u0131 probleminin \u00e7\u00f6z\u00fclmesi i\u00e7in harcad\u0131\u011f\u0131 b\u00fcy\u00fck \u00e7aban\u0131n takdire \u015fayan oldu\u011funu dile getiren heyet \u00fcyeleri; h\u00fck\u00fcmetin bu \u00e7abalar\u0131 sayesinde bir\u00e7ok Filistinli ailenin yok olman\u0131n e\u015fi\u011finden d\u00f6nd\u00fc\u011f\u00fcn\u00fc ekledi.<\/p>\n","protected":false},"excerpt":{"rendered":"<p>\u015eAM \u2013 D\u0131\u015fi\u015fleri ve Gurbet\u00e7iler Bakan\u0131 Yard\u0131mc\u0131s\u0131 Faysal el Mikdat; Suriye\u2019nin, Filistin davas\u0131n\u0131 ve Arap ulusunun ortak davalar\u0131n\u0131 kendi davalar\u0131 olarak g\u00f6rd\u00fc\u011f\u00fcn\u00fc ifade ederek Suriye\u2019ye kar\u015f\u0131 komplo kuran taraflar\u0131n as\u0131l olarak Filistin davas\u0131n\u0131 hedef ald\u0131klar\u0131n\u0131 belirtti. Filistinli Direni\u015f Gruplar\u0131 Temsilcileri Heyetiyle bug\u00fcn bir araya gelen Mikdat; Suriye\u2019nin her zaman kahraman Filistin halk\u0131n\u0131n yan\u0131nda yer ald\u0131\u011f\u0131na &hellip;<\/p>\n","protected":false},"author":1,"featured_media":5701,"comment_status":"closed","ping_status":"closed","sticky":false,"template":"","format":"standard","meta":{"footnotes":""},"categories":[479,447,478],"tags":[1243,1242],"class_list":["post-5700","post","type-post","status-publish","format-standard","has-post-thumbnail","","category-haberler-yerel","category-politika","category-yerel","tag-filistin-davasini-kendi-davasi-olarak-goruyor","tag-mikdat-suriye"],"_links":{"self":[{"href":"https:\/\/archive.sana.sy\/tr\/index.php?rest_route=\/wp\/v2\/posts\/5700","targetHints":{"allow":["GET"]}}],"collection":[{"href":"https:\/\/archive.sana.sy\/tr\/index.php?rest_route=\/wp\/v2\/posts"}],"about":[{"href":"https:\/\/archive.sana.sy\/tr\/index.php?rest_route=\/wp\/v2\/types\/post"}],"author":[{"embeddable":true,"href":"https:\/\/archive.sana.sy\/tr\/index.php?rest_route=\/wp\/v2\/users\/1"}],"replies":[{"embeddable":true,"href":"https:\/\/archive.sana.sy\/tr\/index.php?rest_route=%2Fwp%2Fv2%2Fcomments&post=5700"}],"version-history":[{"count":0,"href":"https:\/\/archive.sana.sy\/tr\/index.php?rest_route=\/wp\/v2\/posts\/5700\/revisions"}],"wp:featuredmedia":[{"embeddable":true,"href":"https:\/\/archive.sana.sy\/tr\/index.php?rest_route=\/wp\/v2\/media\/5701"}],"wp:attachment":[{"href":"https:\/\/archive.sana.sy\/tr\/index.php?rest_route=%2Fwp%2Fv2%2Fmedia&parent=5700"}],"wp:term":[{"taxonomy":"category","embeddable":true,"href":"https:\/\/archive.sana.sy\/tr\/index.php?rest_route=%2Fwp%2Fv2%2Fcategories&post=5700"},{"taxonomy":"post_tag","embeddable":true,"href":"https:\/\/archive.sana.sy\/tr\/index.php?rest_route=%2Fwp%2Fv2%2Ftags&post=5700"}],"curies":[{"name":"wp","href":"https:\/\/api.w.org\/{rel}","templated":true}]}}