{"id":57004,"date":"2016-01-04T16:11:44","date_gmt":"2016-01-04T14:11:44","guid":{"rendered":"http:\/\/www.sana.sy\/tr\/?p=57004"},"modified":"2016-01-04T16:11:44","modified_gmt":"2016-01-04T14:11:44","slug":"sanaya-aciklama-yapan-askeri-bir-kaynak-ordu-birliklerimizin-lazkiye-kirsalinda-erdogan-rejimine-tabi-cokuluslu-tekfirci-teror-ceteleri-buyuk-kayiplara-ugratmalari-ardindan-kbeyb-tepesini-kon","status":"publish","type":"post","link":"https:\/\/archive.sana.sy\/tr\/?p=57004","title":{"rendered":"SANA\u2019ya a\u00e7\u0131klama yapan askeri bir kaynak ordu birliklerimizin Lazkiye k\u0131rsal\u0131nda Erdo\u011fan rejimine tabi \u00e7okuluslu tekfirci ter\u00f6r \u00e7eteleri b\u00fcy\u00fck kay\u0131plara u\u011fratmalar\u0131 ard\u0131ndan Kbeyb Tepesini kontrollerine ge\u00e7irdiklerini belirtti"},"content":{"rendered":"<p>SANA\u2019ya a\u00e7\u0131klama yapan askeri bir kaynak ordu birliklerimizin Lazkiye k\u0131rsal\u0131nda Erdo\u011fan rejimine tabi \u00e7okuluslu tekfirci ter\u00f6r \u00e7eteleri b\u00fcy\u00fck kay\u0131plara u\u011fratmalar\u0131 ard\u0131ndan Kbeyb Tepesini kontrollerine ge\u00e7irdiklerini belirtti<\/p>\n","protected":false},"excerpt":{"rendered":"<p>SANA\u2019ya a\u00e7\u0131klama yapan askeri bir kaynak ordu birliklerimizin Lazkiye k\u0131rsal\u0131nda Erdo\u011fan rejimine tabi \u00e7okuluslu tekfirci ter\u00f6r \u00e7eteleri b\u00fcy\u00fck kay\u0131plara u\u011fratmalar\u0131 ard\u0131ndan Kbeyb Tepesini kontrollerine ge\u00e7irdiklerini belirtti<\/p>\n","protected":false},"author":1,"featured_media":0,"comment_status":"closed","ping_status":"closed","sticky":false,"template":"","format":"standard","meta":{"footnotes":""},"categories":[17991],"tags":[],"class_list":["post-57004","post","type-post","status-publish","format-standard","","category-son-dakika"],"_links":{"self":[{"href":"https:\/\/archive.sana.sy\/tr\/index.php?rest_route=\/wp\/v2\/posts\/57004","targetHints":{"allow":["GET"]}}],"collection":[{"href":"https:\/\/archive.sana.sy\/tr\/index.php?rest_route=\/wp\/v2\/posts"}],"about":[{"href":"https:\/\/archive.sana.sy\/tr\/index.php?rest_route=\/wp\/v2\/types\/post"}],"author":[{"embeddable":true,"href":"https:\/\/archive.sana.sy\/tr\/index.php?rest_route=\/wp\/v2\/users\/1"}],"replies":[{"embeddable":true,"href":"https:\/\/archive.sana.sy\/tr\/index.php?rest_route=%2Fwp%2Fv2%2Fcomments&post=57004"}],"version-history":[{"count":0,"href":"https:\/\/archive.sana.sy\/tr\/index.php?rest_route=\/wp\/v2\/posts\/57004\/revisions"}],"wp:attachment":[{"href":"https:\/\/archive.sana.sy\/tr\/index.php?rest_route=%2Fwp%2Fv2%2Fmedia&parent=57004"}],"wp:term":[{"taxonomy":"category","embeddable":true,"href":"https:\/\/archive.sana.sy\/tr\/index.php?rest_route=%2Fwp%2Fv2%2Fcategories&post=57004"},{"taxonomy":"post_tag","embeddable":true,"href":"https:\/\/archive.sana.sy\/tr\/index.php?rest_route=%2Fwp%2Fv2%2Ftags&post=57004"}],"curies":[{"name":"wp","href":"https:\/\/api.w.org\/{rel}","templated":true}]}}