{"id":57010,"date":"2016-01-04T13:51:11","date_gmt":"2016-01-04T11:51:11","guid":{"rendered":"http:\/\/www.sana.sy\/tr\/?p=57010"},"modified":"2016-01-04T16:41:58","modified_gmt":"2016-01-04T14:41:58","slug":"sehit-aileleri-ve-muhtaclara-kislik-giyim-dagitildi","status":"publish","type":"post","link":"https:\/\/archive.sana.sy\/tr\/?p=57010","title":{"rendered":"\u015eehit Aileleri ve Muhta\u00e7lara K\u0131\u015fl\u0131k Giyim Da\u011f\u0131t\u0131ld\u0131"},"content":{"rendered":"<p>HAMA \u2013 Hama iline tabi Selemiye Kentinde sivil toplum faaliyetleri bug\u00fcn \u015fehit askerlerin ailelerine ve muhta\u00e7 ailelere k\u0131\u015fl\u0131k k\u0131yafet da\u011f\u0131tt\u0131.<\/p>\n<p>Baas Partisinin Kentteki \u015fube ba\u015fkan\u0131 Usame Harba SANA muhabirine yapt\u0131\u011f\u0131 a\u00e7\u0131klamada toplum aras\u0131nda ileti\u015fim ve sosyal ba\u011flar\u0131n peki\u015ftirilmesinde bu gibi faaliyetlerin \u00f6nemine dikkat \u00e7ekti. Harba \u00e7ocuklara da\u011f\u0131t\u0131lan yard\u0131mlarla y\u00fczlerinde tebess\u00fcm\u00fc g\u00f6rmenin verdi\u011fi mutlulu\u011fa i\u015faret ederken, \u015fehitlere destek vermenin insani, ahlaki ve vatani bir sorumluluk oldu\u011funa vurgu yapt\u0131.<\/p>\n<p>\u015eehir Meclisi Ba\u015fkan\u0131 Abd\u00fclkerim el \u015eimali ise bu gibi faaliyetlerin kentteki sivil toplum \u00f6rg\u00fct ve kurumlar\u0131 taraf\u0131ndan g\u00f6n\u00fcll\u00fc \u00e7abalarla d\u00fczenlendi\u011fine dikkat \u00e7ekti. \u015eimali \u015fehit kanlar\u0131na sayg\u0131n\u0131n bir ifadesi olarak b\u0131rakt\u0131klar\u0131 emanete sahip \u00e7\u0131kmak, \u00e7ocuklar\u0131n\u0131n ihtiya\u00e7lar\u0131n\u0131 kar\u015f\u0131lamakla birlikte orduya destek vermenin bu emanetin \u00f6z\u00fc oldu\u011funu s\u00f6yledi.<\/p>\n","protected":false},"excerpt":{"rendered":"<p>HAMA \u2013 Hama iline tabi Selemiye Kentinde sivil toplum faaliyetleri bug\u00fcn \u015fehit askerlerin ailelerine ve muhta\u00e7 ailelere k\u0131\u015fl\u0131k k\u0131yafet da\u011f\u0131tt\u0131. Baas Partisinin Kentteki \u015fube ba\u015fkan\u0131 Usame Harba SANA muhabirine yapt\u0131\u011f\u0131 a\u00e7\u0131klamada toplum aras\u0131nda ileti\u015fim ve sosyal ba\u011flar\u0131n peki\u015ftirilmesinde bu gibi faaliyetlerin \u00f6nemine dikkat \u00e7ekti. Harba \u00e7ocuklara da\u011f\u0131t\u0131lan yard\u0131mlarla y\u00fczlerinde tebess\u00fcm\u00fc g\u00f6rmenin verdi\u011fi mutlulu\u011fa i\u015faret ederken, &hellip;<\/p>\n","protected":false},"author":1,"featured_media":57011,"comment_status":"closed","ping_status":"closed","sticky":false,"template":"","format":"standard","meta":{"footnotes":""},"categories":[479,17988,478],"tags":[18377],"class_list":["post-57010","post","type-post","status-publish","format-standard","has-post-thumbnail","","category-haberler-yerel","category-son-haberler","category-yerel","tag-sehit-aileleri-ve-muhtaclara-kislik-giyim-dagitildi"],"_links":{"self":[{"href":"https:\/\/archive.sana.sy\/tr\/index.php?rest_route=\/wp\/v2\/posts\/57010","targetHints":{"allow":["GET"]}}],"collection":[{"href":"https:\/\/archive.sana.sy\/tr\/index.php?rest_route=\/wp\/v2\/posts"}],"about":[{"href":"https:\/\/archive.sana.sy\/tr\/index.php?rest_route=\/wp\/v2\/types\/post"}],"author":[{"embeddable":true,"href":"https:\/\/archive.sana.sy\/tr\/index.php?rest_route=\/wp\/v2\/users\/1"}],"replies":[{"embeddable":true,"href":"https:\/\/archive.sana.sy\/tr\/index.php?rest_route=%2Fwp%2Fv2%2Fcomments&post=57010"}],"version-history":[{"count":0,"href":"https:\/\/archive.sana.sy\/tr\/index.php?rest_route=\/wp\/v2\/posts\/57010\/revisions"}],"wp:featuredmedia":[{"embeddable":true,"href":"https:\/\/archive.sana.sy\/tr\/index.php?rest_route=\/wp\/v2\/media\/57011"}],"wp:attachment":[{"href":"https:\/\/archive.sana.sy\/tr\/index.php?rest_route=%2Fwp%2Fv2%2Fmedia&parent=57010"}],"wp:term":[{"taxonomy":"category","embeddable":true,"href":"https:\/\/archive.sana.sy\/tr\/index.php?rest_route=%2Fwp%2Fv2%2Fcategories&post=57010"},{"taxonomy":"post_tag","embeddable":true,"href":"https:\/\/archive.sana.sy\/tr\/index.php?rest_route=%2Fwp%2Fv2%2Ftags&post=57010"}],"curies":[{"name":"wp","href":"https:\/\/api.w.org\/{rel}","templated":true}]}}