{"id":57014,"date":"2016-01-04T16:05:47","date_gmt":"2016-01-04T14:05:47","guid":{"rendered":"http:\/\/www.sana.sy\/tr\/?p=57014"},"modified":"2016-01-07T16:26:16","modified_gmt":"2016-01-07T14:26:16","slug":"ikili-iliskiler-muhtelif-alanlarda-gelistirilecek","status":"publish","type":"post","link":"https:\/\/archive.sana.sy\/tr\/?p=57014","title":{"rendered":"\u0130kili \u0130li\u015fkiler Muhtelif Alanlarda Geli\u015ftirilecek"},"content":{"rendered":"<p>\u015eAM \u2013 Ba\u015fbakan Vail el Halaki bug\u00fcn Hindistan\u2019\u0131n \u015eam B\u00fcy\u00fckel\u00e7isi Man Mohan Bhanot\u2019u kabul\u00fcnde iki \u00fclke aras\u0131nda mevcut tarihi derin k\u00f6klere dayanan stratejik ili\u015fkileri ekonomi, ticari ve yat\u0131r\u0131m alanlar\u0131nda peki\u015ftirme gere\u011fini belirtti.<\/p>\n<p><img loading=\"lazy\" decoding=\"async\" class=\"alignright wp-image-57018 size-medium\" src=\"http:\/\/www.sana.sy\/tr\/wp-content\/uploads\/2016\/01\/Halaki-1-300x200.jpg\" alt=\"Halaki 1\" width=\"300\" height=\"200\" srcset=\"https:\/\/archive.sana.sy\/tr\/wp-content\/uploads\/2016\/01\/Halaki-1-300x200.jpg 300w, https:\/\/archive.sana.sy\/tr\/wp-content\/uploads\/2016\/01\/Halaki-1-150x100.jpg 150w, https:\/\/archive.sana.sy\/tr\/wp-content\/uploads\/2016\/01\/Halaki-1-768x511.jpg 768w, https:\/\/archive.sana.sy\/tr\/wp-content\/uploads\/2016\/01\/Halaki-1-1024x681.jpg 1024w\" sizes=\"auto, (max-width: 300px) 100vw, 300px\" \/>Halaki Suriye ve halk\u0131na y\u00f6nelik uygulanan kat\u0131 ve kanunsuz ekonomik yapt\u0131r\u0131mlar\u0131n etkisini azaltma amac\u0131yla Suriye&#8217;nin Hindistan ile ili\u015fkilerini muhtelif alanlarda geli\u015ftirme arzusunda oldu\u011funa dikkat \u00e7ekti. \u0130ki \u00fclke aras\u0131nda bir dizi alanlarda ortak yat\u0131r\u0131mlar\u0131n olaca\u011f\u0131n\u0131 a\u00e7\u0131klayan Halaki; Hindistanl\u0131 \u015firketlerin Suriye&#8217;de yeniden yap\u0131lanma s\u00fcrecine katk\u0131da bulunmaya te\u015fvik edilme \u00f6nemini ifade etti. Halaki iki \u00fclke aras\u0131nda \u00f6zellikle ticari, sanayi, bilimsel, k\u00fclt\u00fcrel ve medya alanlar\u0131nda mevcut i\u015fbirli\u011fi anla\u015fmalar\u0131n\u0131n yan\u0131 s\u0131ra iki \u00fclke i\u015fadamlar\u0131 konseyinin etkinle\u015ftirilmesi gere\u011fini belirtti.<\/p>\n<p>Halaki devlet ve halk olarak maruz kald\u0131\u011f\u0131 ter\u00f6r ve sava\u015f kar\u015f\u0131s\u0131nda \u00f6zellikle uluslar aras\u0131 platformlarda olmak \u00fczere Hindistan\u2019\u0131n Suriye&#8217;yi destekleyen tutumlar\u0131n\u0131n takdire \u015fayan oldu\u011funu s\u00f6yledi.<\/p>\n<p>G\u00f6r\u00fc\u015fmede Hindistan B\u00fcy\u00fckel\u00e7isi \u00fclkesinin Suriye ile ekonomik ve ticari ili\u015fkilerini siyasi ili\u015fkiler d\u00fczeyine geli\u015ftirme \u00f6zen ve arzusunda oldu\u011funu belirtti. B\u00fcy\u00fckel\u00e7i Suriye&#8217;nin ter\u00f6re kar\u015f\u0131 sava\u015f ve m\u00fccadelesinin takdirle kar\u015f\u0131land\u0131\u011f\u0131n\u0131, bu sava\u015f\u0131nda zaferin ka\u00e7\u0131n\u0131lmaz oldu\u011funu ifade etti.<\/p>\n","protected":false},"excerpt":{"rendered":"<p>\u015eAM \u2013 Ba\u015fbakan Vail el Halaki bug\u00fcn Hindistan\u2019\u0131n \u015eam B\u00fcy\u00fckel\u00e7isi Man Mohan Bhanot\u2019u kabul\u00fcnde iki \u00fclke aras\u0131nda mevcut tarihi derin k\u00f6klere dayanan stratejik ili\u015fkileri ekonomi, ticari ve yat\u0131r\u0131m alanlar\u0131nda peki\u015ftirme gere\u011fini belirtti. Halaki Suriye ve halk\u0131na y\u00f6nelik uygulanan kat\u0131 ve kanunsuz ekonomik yapt\u0131r\u0131mlar\u0131n etkisini azaltma amac\u0131yla Suriye&#8217;nin Hindistan ile ili\u015fkilerini muhtelif alanlarda geli\u015ftirme arzusunda oldu\u011funa &hellip;<\/p>\n","protected":false},"author":1,"featured_media":57017,"comment_status":"closed","ping_status":"closed","sticky":false,"template":"","format":"standard","meta":{"footnotes":""},"categories":[479,17988,478],"tags":[18378],"class_list":["post-57014","post","type-post","status-publish","format-standard","has-post-thumbnail","","category-haberler-yerel","category-son-haberler","category-yerel","tag-ikili-iliskiler-muhtelif-alanlarda-gelistirilecek"],"_links":{"self":[{"href":"https:\/\/archive.sana.sy\/tr\/index.php?rest_route=\/wp\/v2\/posts\/57014","targetHints":{"allow":["GET"]}}],"collection":[{"href":"https:\/\/archive.sana.sy\/tr\/index.php?rest_route=\/wp\/v2\/posts"}],"about":[{"href":"https:\/\/archive.sana.sy\/tr\/index.php?rest_route=\/wp\/v2\/types\/post"}],"author":[{"embeddable":true,"href":"https:\/\/archive.sana.sy\/tr\/index.php?rest_route=\/wp\/v2\/users\/1"}],"replies":[{"embeddable":true,"href":"https:\/\/archive.sana.sy\/tr\/index.php?rest_route=%2Fwp%2Fv2%2Fcomments&post=57014"}],"version-history":[{"count":0,"href":"https:\/\/archive.sana.sy\/tr\/index.php?rest_route=\/wp\/v2\/posts\/57014\/revisions"}],"wp:featuredmedia":[{"embeddable":true,"href":"https:\/\/archive.sana.sy\/tr\/index.php?rest_route=\/wp\/v2\/media\/57017"}],"wp:attachment":[{"href":"https:\/\/archive.sana.sy\/tr\/index.php?rest_route=%2Fwp%2Fv2%2Fmedia&parent=57014"}],"wp:term":[{"taxonomy":"category","embeddable":true,"href":"https:\/\/archive.sana.sy\/tr\/index.php?rest_route=%2Fwp%2Fv2%2Fcategories&post=57014"},{"taxonomy":"post_tag","embeddable":true,"href":"https:\/\/archive.sana.sy\/tr\/index.php?rest_route=%2Fwp%2Fv2%2Ftags&post=57014"}],"curies":[{"name":"wp","href":"https:\/\/api.w.org\/{rel}","templated":true}]}}